{"Signatur": "BS_SVG_001", "Spider": "BS_Omni", "Sprache": "de", "Datum": "2019-01-15", "HTML": {"Datei": "BS_Omni/BS_SVG_001_VG-2018-1_2019-01-15.html", "URL": "/cgi-bin/nph-omniscgi.exe?OmnisPlatform=WINDOWS&WebServerUrl=&WebServerScript=/cgi-bin/nph-omniscgi.exe&OmnisLibrary=JURISWEB&OmnisClass=rtFindinfoWebHtmlService&OmnisServer=JURISWEB,7000&Parametername=WEB&Schema=BS_FI_WEB&Source=&Aufruf=getMarkupDocument&cSprache=DE&nF30_KEY=64998&W10_KEY=3209387&nTrefferzeile=29&Template=search_result_document.html", "Checksum": "be2b263427f7396eb8170870f826cc57"}, "Scrapedate": "2026-04-03", "Num": ["VG.2018.1", "AG.2019.40"], "Kopfzeile": [{"Sprachen": ["de"], "Text": "Basel-Stadt Sozialversicherungsgericht 15.01.2019 VG.2018.1 (AG.2019.40)"}, {"Sprachen": ["fr"], "Text": "B\u00e2le-Ville Sozialversicherungsgericht 15.01.2019 VG.2018.1 (AG.2019.40)"}, {"Sprachen": ["it"], "Text": "Basilea Citt\u00e0 Sozialversicherungsgericht 15.01.2019 VG.2018.1 (AG.2019.40)"}], "Meta": [{"Sprachen": ["de"], "Text": "Basel-Stadt Sozialversicherungsgericht "}, {"Sprachen": ["fr"], "Text": "B\u00e2le-Ville Sozialversicherungsgericht "}, {"Sprachen": ["it"], "Text": "Basilea Citt\u00e0 Sozialversicherungsgericht "}], "Abstract": [{"Sprachen": ["de", "fr", "it"], "Text": "rechtliche Zul\u00e4ssigkeit der kantonalen Volksinitiative \"Grundrechte f\u00fcr Primaten\" (BGer 1C_105/2019 vom 16. September 2020)"}], "ScrapyJob": "446973/46/2136", "Zeit UTC": "03.04.2026 23:23:38", "Checksum": "a2b8f9e17139bc1e07ff8565765a9875"}