{"Signatur": "CH_BGE_999", "Spider": "CH_BGE", "Sprache": "de", "Datum": "1968-01-24", "HTML": {"Datei": "CH_BGE/CH_BGE_999_BGE-94-I-63_1968-01-24.html", "URL": "https://search.bger.ch/ext/eurospider/live/de/php/clir/http/index.php?highlight_docid=atf%3A%2F%2F94-I-63%3Ade&lang=de&zoom==&type=show_document", "Checksum": "7f3031966416e8594229f27455261b19"}, "Scrapedate": "2026-04-09", "Num": ["BGE 94 I 63"], "Kopfzeile": [{"Sprachen": ["de"], "Text": "Bundesgericht (BGE) sonstiges 24.01.1968 BGE 94 I 63"}, {"Sprachen": ["fr"], "Text": "Tribunal f\u00e9d\u00e9ral (ATF) autres 24.01.1968 BGE 94 I 63"}, {"Sprachen": ["it"], "Text": "Tribunale federale (DTF) diversi 24.01.1968 BGE 94 I 63"}], "Meta": [{"Sprachen": ["de"], "Text": "Eidgenossenschaft Bundesgericht (BGE) sonstiges"}, {"Sprachen": ["fr"], "Text": "Conf\u00e9deration Tribunal f\u00e9d\u00e9ral (ATF) autres"}, {"Sprachen": ["it"], "Text": "Confederazione Tribunale federale (DTF) diversi"}], "Abstract": [{"Sprachen": ["de"], "Text": "Regeste\n<br>Gemeindeautonomie. Ist die in BGE 93 I 154 ff. und 427 ff. erfolgte \u00c4nderung der Rechtsprechung dar\u00fcber, wann eine Gemeinde in bezug auf die Rechtsetzung autonom sei und wann diese Autonomie verletzt sei, auf die Rechtsanwendung (Anwendung von Gemeinderecht durch die Gemeindebeh\u00f6rden) auszudehnen? Frage offen gelassen."}, {"Sprachen": ["fr"], "Text": "Regeste\n<br>Autonomie communale. Faut-il \u00e9tendre au domaine de l'application du droit (application du droit communal par les autorit\u00e9s communales) la modification de jurisprudence - adopt\u00e9e dans les arr\u00eats publi\u00e9s au RO 93 I 154 et 427 - relative \u00e0 l'autonomie communale en mati\u00e8re de l\u00e9gislation? Question laiss\u00e9e ouverte en l'esp\u00e8ce."}, {"Sprachen": ["it"], "Text": "Regesto\n<br>Autonomia comunale. La modificazione della giurisprudenza - adottata nelle sentenze pubblicate in RU 93 I 154 e segg. e 427 e segg. - relativa all'autonomia comunale in materia di legiferazione dev'essere estesa anche al campo dell'applicazione del diritto (applicazione del diritto comunale da parte delle autorit\u00e0 comunali)? Questione lasciata aperta."}], "ScrapyJob": "446973/47/2860", "Zeit UTC": "09.04.2026 20:35:42", "Checksum": "2382d7375ec8b3b3092e2b151515a575"}