{"Signatur": "CH_BGE_999", "Spider": "CH_BGE", "Sprache": "de", "Datum": "1972-10-27", "HTML": {"Datei": "CH_BGE/CH_BGE_999_BGE-98-IB-301_1972-10-27.html", "URL": "https://search.bger.ch/ext/eurospider/live/de/php/clir/http/index.php?highlight_docid=atf%3A%2F%2F98-IB-301%3Ade&lang=de&zoom==&type=show_document", "Checksum": "d4c0d2c81ab1c88b21207af93434b925"}, "Scrapedate": "2026-04-09", "Num": ["BGE 98 IB 301"], "Kopfzeile": [{"Sprachen": ["de"], "Text": "Bundesgericht (BGE) sonstiges 27.10.1972 BGE 98 IB 301"}, {"Sprachen": ["fr"], "Text": "Tribunal f\u00e9d\u00e9ral (ATF) autres 27.10.1972 BGE 98 IB 301"}, {"Sprachen": ["it"], "Text": "Tribunale federale (DTF) diversi 27.10.1972 BGE 98 IB 301"}], "Meta": [{"Sprachen": ["de"], "Text": "Eidgenossenschaft Bundesgericht (BGE) sonstiges"}, {"Sprachen": ["fr"], "Text": "Conf\u00e9deration Tribunal f\u00e9d\u00e9ral (ATF) autres"}, {"Sprachen": ["it"], "Text": "Confederazione Tribunale federale (DTF) diversi"}], "Abstract": [{"Sprachen": ["de"], "Text": "Regeste\n<br>Disziplinarmassnahmen. - Ausmass der Einschr\u00e4nkung der Freiheitsrechte durch das besondere Rechtsverh\u00e4ltnis. - Anforderungen an die Rechtm\u00e4ssigkeit von Disziplinarmassnahmen. - Vereinbarkeit von Art. 30 Abs. 2 ETH-Reglement mit der verfassungsm\u00e4ssig gew\u00e4hrleisteten Meinungs\u00e4usserungsfreiheit."}, {"Sprachen": ["fr"], "Text": "Regeste\n<br>Rapport de d\u00e9pendance particulier; mesures disciplinaires. - Mesure dans laquelle un tel rapport de d\u00e9pendance restreint les libert\u00e9s individuelles. - Conditions de la l\u00e9galit\u00e9 de mesures disciplinaires. - L'art. 30 al. 2 du r\u00e8glement de l'EPF est compatible avec la libert\u00e9 d'expression garantie par la constitution."}, {"Sprachen": ["it"], "Text": "Regesto\n<br>Rapporto di dipendenza particolare; provvedimenti disciplinari. - Misura in cui tale rapporto di dipendenza limita i diritti individuali di libert\u00e0. - Presupposti della legittimit\u00e0 di provvedimenti disciplinari. - L'art. 30 cpv. 2 del regolamento della SPF \u00e8 compatibile con la libert\u00e0 d'espressione garantita dalla costituzione."}], "ScrapyJob": "446973/47/2860", "Zeit UTC": "09.04.2026 20:19:36", "Checksum": "656d321bb6bd958e6b28e7d7cfdd0216"}