{"Signatur": "CH_BSTG_001", "Spider": "CH_BSTG", "Datum": "2015-08-05", "PDF": {"Datei": "CH_BSTG/CH_BSTG_001_BB-2015-57_2015-08-05.pdf", "URL": "https://bstger.weblaw.ch/files/20150728_BB_2015_57.pdf", "Checksum": "93ae916d994f9bd5ed3e59df49e03367"}, "Num": ["BB.2015.57"], "Kopfzeile": [{"Sprachen": ["de"], "Text": "Bundesstrafgericht 05.08.2015(publiziert) BB.2015.57"}, {"Sprachen": ["fr"], "Text": "Tribunal p\u00e9nal f\u00e9d\u00e9ral 05.08.2015(publi\u00e9) BB.2015.57"}, {"Sprachen": ["it"], "Text": "Tribunale penale federale 05.08.2015(pubblicato) BB.2015.57"}], "Meta": [{"Sprachen": ["de"], "Text": "Eidgenossenschaft Bundesstrafgericht "}, {"Sprachen": ["fr"], "Text": "Conf\u00e9deration Tribunal p\u00e9nal f\u00e9d\u00e9ral "}, {"Sprachen": ["it"], "Text": "Confederazione Tribunale penale federale "}], "Abstract": [{"Sprachen": ["de", "fr", "it"], "Text": "Beschwerde des Privatkl\u00e4gers gegen die Einstellungsverf\u00fcgung (Art. 322 Abs. 2 StPO)."}], "ScrapyJob": "446973/37/510", "Zeit UTC": "07.12.2021 02:30:50", "Checksum": "bf178e396213a3b3bae22064740eeaf1"}