{"Signatur": "CH_BSTG_001", "Spider": "CH_BSTG", "Datum": "2018-01-15", "PDF": {"Datei": "CH_BSTG/CH_BSTG_001_BB-2017-157_2018-01-15.pdf", "URL": "https://bstger.weblaw.ch/api/getDocumentFile/bb59fda2-a9e6-31b6-a555-3f698b99173e?locale=de&userID=_ozbf1xb", "Checksum": "e4fcf92bf035068dd7efa5bbfeacb743"}, "Scrapedate": "2026-04-25", "Num": ["BB.2017.157", "BB.2017.158"], "Kopfzeile": [{"Sprachen": ["de"], "Text": "Bundesstrafgericht 15.01.2018 BB.2017.157"}, {"Sprachen": ["fr"], "Text": "Tribunal p\u00e9nal f\u00e9d\u00e9ral 15.01.2018 BB.2017.157"}, {"Sprachen": ["it"], "Text": "Tribunale penale federale 15.01.2018 BB.2017.157"}], "Meta": [{"Sprachen": ["de"], "Text": "Eidgenossenschaft Bundesstrafgericht "}, {"Sprachen": ["fr"], "Text": "Conf\u00e9deration Tribunal p\u00e9nal f\u00e9d\u00e9ral "}, {"Sprachen": ["it"], "Text": "Confederazione Tribunale penale federale "}], "Abstract": [{"Sprachen": ["de", "fr", "it"], "Text": "S\u00e9questre (art. 263 ss CPP). Refus de classer la proc\u00e9dure (art. 300 al. 2 CPP).;;S\u00e9questre (art. 263 ss CPP). Refus de classer la proc\u00e9dure (art. 300 al. 2 CPP).;;S\u00e9questre (art. 263 ss CPP). Refus de classer la proc\u00e9dure (art. 300 al. 2 CPP).;;S\u00e9questre (art. 263 ss CPP). Refus de classer la proc\u00e9dure (art. 300 al. 2 CPP)."}], "ScrapyJob": "446973/37/2370", "Zeit UTC": "25.04.2026 07:46:36", "Checksum": "d251333fc5a69857134f48b5c05fc49a"}