{"Signatur": "CH_BSTG_001", "Spider": "CH_BSTG", "Datum": "2017-08-09", "PDF": {"Datei": "CH_BSTG/CH_BSTG_001_BB-2017-32_2017-08-09.pdf", "URL": "https://bstger.weblaw.ch/api/getDocumentFile/bb3231fe-6596-335a-8fd4-37b3c4f22481?locale=de&userID=_ozbf1xb", "Checksum": "e375ecce8b4a06731b82ef24be85f745"}, "Scrapedate": "2026-04-25", "Num": ["BB.2017.32"], "Kopfzeile": [{"Sprachen": ["de"], "Text": "Bundesstrafgericht 09.08.2017 BB.2017.32"}, {"Sprachen": ["fr"], "Text": "Tribunal p\u00e9nal f\u00e9d\u00e9ral 09.08.2017 BB.2017.32"}, {"Sprachen": ["it"], "Text": "Tribunale penale federale 09.08.2017 BB.2017.32"}], "Meta": [{"Sprachen": ["de"], "Text": "Eidgenossenschaft Bundesstrafgericht "}, {"Sprachen": ["fr"], "Text": "Conf\u00e9deration Tribunal p\u00e9nal f\u00e9d\u00e9ral "}, {"Sprachen": ["it"], "Text": "Confederazione Tribunale penale federale "}], "Abstract": [{"Sprachen": ["de", "fr", "it"], "Text": "S\u00e9questre (art. 263 ss CPP); d\u00e9ni de justice (art. 393 al. 2 let. a CPP); retard injustifi\u00e9 (art. 393 al. 2 let. a CPP).;;S\u00e9questre (art. 263 ss CPP); d\u00e9ni de justice (art. 393 al. 2 let. a CPP); retard injustifi\u00e9 (art. 393 al. 2 let. a CPP).;;S\u00e9questre (art. 263 ss CPP); d\u00e9ni de justice (art. 393 al. 2 let. a CPP); retard injustifi\u00e9 (art. 393 al. 2 let. a CPP).;;S\u00e9questre (art. 263 ss CPP); d\u00e9ni de justice (art. 393 al. 2 let. a CPP); retard injustifi\u00e9 (art. 393 al. 2 let. a CPP)."}], "ScrapyJob": "446973/37/2370", "Zeit UTC": "25.04.2026 07:42:07", "Checksum": "b38c566b7359b7717404fa322805e039"}