{"Signatur": "CH_BSTG_001", "Spider": "CH_BSTG", "Datum": "2020-01-16", "PDF": {"Datei": "CH_BSTG/CH_BSTG_001_BB-2019-149_2020-01-16.pdf", "URL": "https://bstger.weblaw.ch/api/getDocumentFile/2027d6a4-f23f-3ff8-afa1-bfc157b10a9e?locale=de&userID=_ozbf1xb", "Checksum": "4193e374806a6d6b7d7b6e87ca95e627"}, "Scrapedate": "2026-04-25", "Num": ["BB.2019.149", "BB.2019.150"], "Kopfzeile": [{"Sprachen": ["de"], "Text": "Bundesstrafgericht 16.01.2020 BB.2019.149"}, {"Sprachen": ["fr"], "Text": "Tribunal p\u00e9nal f\u00e9d\u00e9ral 16.01.2020 BB.2019.149"}, {"Sprachen": ["it"], "Text": "Tribunale penale federale 16.01.2020 BB.2019.149"}], "Meta": [{"Sprachen": ["de"], "Text": "Eidgenossenschaft Bundesstrafgericht "}, {"Sprachen": ["fr"], "Text": "Conf\u00e9deration Tribunal p\u00e9nal f\u00e9d\u00e9ral "}, {"Sprachen": ["it"], "Text": "Confederazione Tribunale penale federale "}], "Abstract": [{"Sprachen": ["de", "fr", "it"], "Text": "S\u00e9questre (art. 263 ss CPP); refus de classer la proc\u00e9dure (art. 300 al. 2 CPP).;;S\u00e9questre (art. 263 ss CPP); refus de classer la proc\u00e9dure (art. 300 al. 2 CPP).;;S\u00e9questre (art. 263 ss CPP); refus de classer la proc\u00e9dure (art. 300 al. 2 CPP).;;S\u00e9questre (art. 263 ss CPP); refus de classer la proc\u00e9dure (art. 300 al. 2 CPP)."}], "ScrapyJob": "446973/37/2370", "Zeit UTC": "25.04.2026 08:03:23", "Checksum": "0486c64a31794cbc2045485d7c5bbfc7"}