{"Signatur": "CH_BSTG_001", "Spider": "CH_BSTG", "Datum": "2019-05-29", "PDF": {"Datei": "CH_BSTG/CH_BSTG_001_BB-2019-22_2019-05-29.pdf", "URL": "https://bstger.weblaw.ch/api/getDocumentFile/f7dd0a60-93a1-37bb-a1bf-02b7b317d04d?locale=de&userID=_ozbf1xb", "Checksum": "8ece6f9ed240078b4fb929c3ff849d23"}, "Scrapedate": "2026-04-25", "Num": ["BB.2019.22"], "Kopfzeile": [{"Sprachen": ["de"], "Text": "Bundesstrafgericht 29.05.2019 BB.2019.22"}, {"Sprachen": ["fr"], "Text": "Tribunal p\u00e9nal f\u00e9d\u00e9ral 29.05.2019 BB.2019.22"}, {"Sprachen": ["it"], "Text": "Tribunale penale federale 29.05.2019 BB.2019.22"}], "Meta": [{"Sprachen": ["de"], "Text": "Eidgenossenschaft Bundesstrafgericht "}, {"Sprachen": ["fr"], "Text": "Conf\u00e9deration Tribunal p\u00e9nal f\u00e9d\u00e9ral "}, {"Sprachen": ["it"], "Text": "Confederazione Tribunale penale federale "}], "Abstract": [{"Sprachen": ["de", "fr", "it"], "Text": "D\u00e9ni de justice et retard injustifi\u00e9 (art. 393 al. 2 let. a CPP). R\u00e9cusation (art. 56 ss CPP).;;D\u00e9ni de justice et retard injustifi\u00e9 (art. 393 al. 2 let. a CPP). R\u00e9cusation (art. 56 ss CPP).;;D\u00e9ni de justice et retard injustifi\u00e9 (art. 393 al. 2 let. a CPP). R\u00e9cusation (art. 56 ss CPP).;;D\u00e9ni de justice et retard injustifi\u00e9 (art. 393 al. 2 let. a CPP). R\u00e9cusation (art. 56 ss CPP)."}], "ScrapyJob": "446973/37/2370", "Zeit UTC": "25.04.2026 07:56:27", "Checksum": "464afb6b92fbf39586aa7c1994e9b447"}