{"Signatur": "CH_BSTG_001", "Spider": "CH_BSTG", "Datum": "2013-11-11", "PDF": {"Datei": "CH_BSTG/CH_BSTG_001_BH-2013-7_2013-11-11.pdf", "URL": "https://bstger.weblaw.ch/api/getDocumentFile/6717798d-f723-32b7-b7c6-2cbacd22c94e?locale=de&userID=_ozbf1xb", "Checksum": "ac633621ff9931bb67cfc191071d5620"}, "Scrapedate": "2026-04-25", "Num": ["BH.2013.7", "BP.2013.69"], "Kopfzeile": [{"Sprachen": ["de"], "Text": "Bundesstrafgericht 11.11.2013 BH.2013.7"}, {"Sprachen": ["fr"], "Text": "Tribunal p\u00e9nal f\u00e9d\u00e9ral 11.11.2013 BH.2013.7"}, {"Sprachen": ["it"], "Text": "Tribunale penale federale 11.11.2013 BH.2013.7"}], "Meta": [{"Sprachen": ["de"], "Text": "Eidgenossenschaft Bundesstrafgericht "}, {"Sprachen": ["fr"], "Text": "Conf\u00e9deration Tribunal p\u00e9nal f\u00e9d\u00e9ral "}, {"Sprachen": ["it"], "Text": "Confederazione Tribunale penale federale "}], "Abstract": [{"Sprachen": ["de", "fr", "it"], "Text": "Ordre de mise en d\u00e9tention pour des motifs de s\u00fbret\u00e9 apr\u00e8s la mise en accusation (art. 229 al. 2 en lien avec l'art. 222 CPP).;;Ordre de mise en d\u00e9tention pour des motifs de s\u00fbret\u00e9 apr\u00e8s la mise en accusation (art. 229 al. 2 en lien avec l'art. 222 CPP).;;Ordre de mise en d\u00e9tention pour des motifs de s\u00fbret\u00e9 apr\u00e8s la mise en accusation (art. 229 al. 2 en lien avec l'art. 222 CPP).;;Ordre de mise en d\u00e9tention pour des motifs de s\u00fbret\u00e9 apr\u00e8s la mise en accusation (art. 229 al. 2 en lien avec l'art. 222 CPP)."}], "ScrapyJob": "446973/37/2370", "Zeit UTC": "25.04.2026 07:17:06", "Checksum": "04c251523901a0bf489428313411cf8c"}