{"Signatur": "CH_BSTG_001", "Spider": "CH_BSTG", "Datum": "2013-12-02", "PDF": {"Datei": "CH_BSTG/CH_BSTG_001_BH-2013-7_2013-12-02.pdf", "URL": "https://bstger.weblaw.ch/files/20131111_BH_2013_7.pdf", "Checksum": "ac633621ff9931bb67cfc191071d5620"}, "Num": ["BH.2013.7"], "Kopfzeile": [{"Sprachen": ["de"], "Text": "Bundesstrafgericht 02.12.2013(publiziert) BH.2013.7"}, {"Sprachen": ["fr"], "Text": "Tribunal p\u00e9nal f\u00e9d\u00e9ral 02.12.2013(publi\u00e9) BH.2013.7"}, {"Sprachen": ["it"], "Text": "Tribunale penale federale 02.12.2013(pubblicato) BH.2013.7"}], "Meta": [{"Sprachen": ["de"], "Text": "Eidgenossenschaft Bundesstrafgericht "}, {"Sprachen": ["fr"], "Text": "Conf\u00e9deration Tribunal p\u00e9nal f\u00e9d\u00e9ral "}, {"Sprachen": ["it"], "Text": "Confederazione Tribunale penale federale "}], "Abstract": [{"Sprachen": ["de", "fr", "it"], "Text": "Ordre de mise en d\u00e9tention pour des motifs de s\u00fbret\u00e9 apr\u00e8s la mise en accusation (art. 229 al. 2 en lien avec l'art. 222 CPP)."}], "ScrapyJob": "446973/37/510", "Zeit UTC": "07.12.2021 02:33:04", "Checksum": "111bc0909aed3c4fca647dce1147502a"}