{"Signatur": "CH_BSTG_001", "Spider": "CH_BSTG", "Datum": "2019-02-04", "PDF": {"Datei": "CH_BSTG/CH_BSTG_001_BH-2018-7_2019-02-04.pdf", "URL": "https://bstger.weblaw.ch/files/20181205_BH_2018_7.pdf", "Checksum": "76e4916756f701b6cc1e7cc8c50d1281"}, "Num": ["BH.2018.7"], "Kopfzeile": [{"Sprachen": ["de"], "Text": "Bundesstrafgericht 04.02.2019(publiziert) BH.2018.7"}, {"Sprachen": ["fr"], "Text": "Tribunal p\u00e9nal f\u00e9d\u00e9ral 04.02.2019(publi\u00e9) BH.2018.7"}, {"Sprachen": ["it"], "Text": "Tribunale penale federale 04.02.2019(pubblicato) BH.2018.7"}], "Meta": [{"Sprachen": ["de"], "Text": "Eidgenossenschaft Bundesstrafgericht "}, {"Sprachen": ["fr"], "Text": "Conf\u00e9deration Tribunal p\u00e9nal f\u00e9d\u00e9ral "}, {"Sprachen": ["it"], "Text": "Confederazione Tribunale penale federale "}], "Abstract": [{"Sprachen": ["de", "fr", "it"], "Text": "Ordre de mise en d\u00e9tention provisoire (art. 226 en lien avec l'art. 222 CPP)."}], "ScrapyJob": "446973/37/510", "Zeit UTC": "07.12.2021 02:25:49", "Checksum": "6f42130e2ba988fcb30dc80570b0786b"}