{"Signatur": "CH_BSTG_001", "Spider": "CH_BSTG", "Datum": "2019-09-30", "PDF": {"Datei": "CH_BSTG/CH_BSTG_001_BH-2019-11_2019-09-30.pdf", "URL": "https://bstger.weblaw.ch/api/getDocumentFile/1c07aa31-469f-3dc2-87b6-e1a5bd9a1f54?locale=de&userID=_ozbf1xb", "Checksum": "ed3a4bba0c983236a93c9733eeb0cefc"}, "Scrapedate": "2026-04-25", "Num": ["BH.2019.11"], "Kopfzeile": [{"Sprachen": ["de"], "Text": "Bundesstrafgericht 30.09.2019 BH.2019.11"}, {"Sprachen": ["fr"], "Text": "Tribunal p\u00e9nal f\u00e9d\u00e9ral 30.09.2019 BH.2019.11"}, {"Sprachen": ["it"], "Text": "Tribunale penale federale 30.09.2019 BH.2019.11"}], "Meta": [{"Sprachen": ["de"], "Text": "Eidgenossenschaft Bundesstrafgericht "}, {"Sprachen": ["fr"], "Text": "Conf\u00e9deration Tribunal p\u00e9nal f\u00e9d\u00e9ral "}, {"Sprachen": ["it"], "Text": "Confederazione Tribunale penale federale "}], "Abstract": [{"Sprachen": ["de", "fr", "it"], "Text": "Prolongation de la d\u00e9tention provisoire (art. 227 en lien avec l'art. 222 CPP).;;Prolongation de la d\u00e9tention provisoire (art. 227 en lien avec l'art. 222 CPP).;;Prolongation de la d\u00e9tention provisoire (art. 227 en lien avec l'art. 222 CPP).;;Prolongation de la d\u00e9tention provisoire (art. 227 en lien avec l'art. 222 CPP)."}], "ScrapyJob": "446973/37/2370", "Zeit UTC": "25.04.2026 08:00:18", "Checksum": "06c155bb2186a554a2b76fbdcb3a0447"}