{"Signatur": "CH_BSTG_001", "Spider": "CH_BSTG", "Datum": "2023-07-04", "PDF": {"Datei": "CH_BSTG/CH_BSTG_001_BH-2023-9_2023-07-04.pdf", "URL": "https://bstger.weblaw.ch/api/getDocumentFile/c915bd88-d554-3748-9e6b-1efc994b5e34?locale=de&userID=_ozbf1xb", "Checksum": "eb5d2801f0426c2d2741725285e58477"}, "Scrapedate": "2026-04-25", "Num": ["BH.2023.9", "BP.2023.55"], "Kopfzeile": [{"Sprachen": ["de"], "Text": "Bundesstrafgericht 04.07.2023 BH.2023.9"}, {"Sprachen": ["fr"], "Text": "Tribunal p\u00e9nal f\u00e9d\u00e9ral 04.07.2023 BH.2023.9"}, {"Sprachen": ["it"], "Text": "Tribunale penale federale 04.07.2023 BH.2023.9"}], "Meta": [{"Sprachen": ["de"], "Text": "Eidgenossenschaft Bundesstrafgericht "}, {"Sprachen": ["fr"], "Text": "Conf\u00e9deration Tribunal p\u00e9nal f\u00e9d\u00e9ral "}, {"Sprachen": ["it"], "Text": "Confederazione Tribunale penale federale "}], "Abstract": [{"Sprachen": ["de", "fr", "it"], "Text": "Proroga della carcerazione preventiva (art. 227 in relazione con l'art. 222 CPP);;Proroga della carcerazione preventiva (art. 227 in relazione con l'art. 222 CPP);;Proroga della carcerazione preventiva (art. 227 in relazione con l'art. 222 CPP);;Proroga della carcerazione preventiva (art. 227 in relazione con l'art. 222 CPP)"}], "ScrapyJob": "446973/37/2370", "Zeit UTC": "25.04.2026 08:33:52", "Checksum": "5994731978be9f7178972e1a4a0e74b8"}