{"Signatur": "CH_BSTG_001", "Spider": "CH_BSTG", "Datum": "2011-09-08", "PDF": {"Datei": "CH_BSTG/CH_BSTG_001_BK-2011-6_2011-09-08.pdf", "URL": "https://bstger.weblaw.ch/files/20110824_BK_2011_6.pdf", "Checksum": "d81b04efff2dc589652ba2d2765c99a5"}, "Num": ["BK.2011.6"], "Kopfzeile": [{"Sprachen": ["de"], "Text": "Bundesstrafgericht 08.09.2011(publiziert) BK.2011.6"}, {"Sprachen": ["fr"], "Text": "Tribunal p\u00e9nal f\u00e9d\u00e9ral 08.09.2011(publi\u00e9) BK.2011.6"}, {"Sprachen": ["it"], "Text": "Tribunale penale federale 08.09.2011(pubblicato) BK.2011.6"}], "Meta": [{"Sprachen": ["de"], "Text": "Eidgenossenschaft Bundesstrafgericht "}, {"Sprachen": ["fr"], "Text": "Conf\u00e9deration Tribunal p\u00e9nal f\u00e9d\u00e9ral "}, {"Sprachen": ["it"], "Text": "Confederazione Tribunale penale federale "}], "Abstract": [{"Sprachen": ["de", "fr", "it"], "Text": "Mise des frais \u00e0 la charge du pr\u00e9venu en cas de classement de la proc\u00e9dure (art. 426 al. 2 en lien avec l'art. 310 al. 2 CPP)."}], "ScrapyJob": "446973/37/510", "Zeit UTC": "07.12.2021 02:35:44", "Checksum": "361a6ee5c36dcfa5d74391898d900050"}