{"Signatur": "CH_BSTG_001", "Spider": "CH_BSTG", "Datum": "2022-01-10", "PDF": {"Datei": "CH_BSTG/CH_BSTG_001_CA-2021-23_2022-01-10.pdf", "URL": "https://bstger.weblaw.ch/api/getDocumentFile/ff57ac58-9ec8-300e-9931-5864e47bafad?locale=de&userID=_ozbf1xb", "Checksum": "7db270544c05c4ffc7cf74ed06a72a5a"}, "Scrapedate": "2026-04-25", "Num": ["CA.2021.23"], "Kopfzeile": [{"Sprachen": ["de"], "Text": "Bundesstrafgericht 10.01.2022 CA.2021.23"}, {"Sprachen": ["fr"], "Text": "Tribunal p\u00e9nal f\u00e9d\u00e9ral 10.01.2022 CA.2021.23"}, {"Sprachen": ["it"], "Text": "Tribunale penale federale 10.01.2022 CA.2021.23"}], "Meta": [{"Sprachen": ["de"], "Text": "Eidgenossenschaft Bundesstrafgericht "}, {"Sprachen": ["fr"], "Text": "Conf\u00e9deration Tribunal p\u00e9nal f\u00e9d\u00e9ral "}, {"Sprachen": ["it"], "Text": "Confederazione Tribunale penale federale "}], "Abstract": [{"Sprachen": ["de", "fr", "it"], "Text": "Violation de l'art. 2 de la loi f\u00e9d\u00e9rale interdisant les groupes \"Al-Qa\u00efda\" et \"Etat islamique\" et les organisations apparent\u00e9es\nAppel contre le jugement de la Cour des affaires p\u00e9nales du Tribunal p\u00e9nal f\u00e9d\u00e9ral SK.2020.23 du 20 juillet 2021\nRenonciation \u00e0 d\u00e9poser une d\u00e9claration d'appel dans le cadre de la proc\u00e9dure CA.2021.23;;Violation de l'art. 2 de la loi f\u00e9d\u00e9rale interdisant les groupes \"Al-Qa\u00efda\" et \"Etat islamique\" et les organisations apparent\u00e9es\nAppel contre le jugement de la Cour des affaires p\u00e9nales du Tribunal p\u00e9nal f\u00e9d\u00e9ral SK.2020.23 du 20 juillet 2021\nRenonciation \u00e0 d\u00e9poser une d\u00e9claration d'appel dans le cadre de la proc\u00e9dure CA.2021.23;;Violation de l'art. 2 de la loi f\u00e9d\u00e9rale interdisant les groupes \"Al-Qa\u00efda\" et \"Etat islamique\" et les organisations apparent\u00e9es\nAppel contre le jugement de la Cour des affaires p\u00e9nales du Tribunal p\u00e9nal f\u00e9d\u00e9ral SK.2020.23 du 20 juillet 2021\nRenonciation \u00e0 d\u00e9poser une d\u00e9claration d'appel dans le cadre de la proc\u00e9dure CA.2021.23;;Violation de l'art. 2 de la loi f\u00e9d\u00e9rale interdisant les groupes \"Al-Qa\u00efda\" et \"Etat islamique\" et les organisations apparent\u00e9es\nAppel contre le jugement de la Cour des affaires p\u00e9nales du Tribunal p\u00e9nal f\u00e9d\u00e9ral SK.2020.23 du 20 juillet 2021\nRenonciation \u00e0 d\u00e9poser une d\u00e9claration d'appel dans le cadre de la proc\u00e9dure CA.2021.23"}], "ScrapyJob": "446973/37/2370", "Zeit UTC": "25.04.2026 08:21:20", "Checksum": "2c482adf004beabac8b1db2eb0252776"}