{"Signatur": "CH_BSTG_001", "Spider": "CH_BSTG", "Datum": "2023-11-23", "PDF": {"Datei": "CH_BSTG/CH_BSTG_001_CA-2023-11_2023-11-23.pdf", "URL": "https://bstger.weblaw.ch/api/getDocumentFile/dcee800a-fc37-34d3-a92e-3bf1bca1adcf?locale=de&userID=_ozbf1xb", "Checksum": "ae7658937a26b7062c18de29f3a2227c"}, "Scrapedate": "2026-04-25", "Num": ["CA.2023.11"], "Kopfzeile": [{"Sprachen": ["de"], "Text": "Bundesstrafgericht 23.11.2023 CA.2023.11"}, {"Sprachen": ["fr"], "Text": "Tribunal p\u00e9nal f\u00e9d\u00e9ral 23.11.2023 CA.2023.11"}, {"Sprachen": ["it"], "Text": "Tribunale penale federale 23.11.2023 CA.2023.11"}], "Meta": [{"Sprachen": ["de"], "Text": "Eidgenossenschaft Bundesstrafgericht "}, {"Sprachen": ["fr"], "Text": "Conf\u00e9deration Tribunal p\u00e9nal f\u00e9d\u00e9ral "}, {"Sprachen": ["it"], "Text": "Confederazione Tribunale penale federale "}], "Abstract": [{"Sprachen": ["de", "fr", "it"], "Text": "Violation de l'art. 2 de la loi f\u00e9d\u00e9rale interdisant les groupes \u00ab Al-Qa\u00efda \u00bb et \u00ab Etat islamique \u00bb et les organisations apparent\u00e9es (aRS 122) et repr\u00e9sentation de la violence (art. 135 CP)\n\nAppel (partiel) du 8 juin 2023 contre le jugement de la Cour des affaires p\u00e9nales du Tribunal p\u00e9nal f\u00e9d\u00e9ral SK.2022.57 du 6 avril 2023 ;;Violation de l'art. 2 de la loi f\u00e9d\u00e9rale interdisant les groupes \u00ab Al-Qa\u00efda \u00bb et \u00ab Etat islamique \u00bb et les organisations apparent\u00e9es (aRS 122) et repr\u00e9sentation de la violence (art. 135 CP)\n\nAppel (partiel) du 8 juin 2023 contre le jugement de la Cour des affaires p\u00e9nales du Tribunal p\u00e9nal f\u00e9d\u00e9ral SK.2022.57 du 6 avril 2023 ;;Violation de l'art. 2 de la loi f\u00e9d\u00e9rale interdisant les groupes \u00ab Al-Qa\u00efda \u00bb et \u00ab Etat islamique \u00bb et les organisations apparent\u00e9es (aRS 122) et repr\u00e9sentation de la violence (art. 135 CP)\n\nAppel (partiel) du 8 juin 2023 contre le jugement de la Cour des affaires p\u00e9nales du Tribunal p\u00e9nal f\u00e9d\u00e9ral SK.2022.57 du 6 avril 2023 ;;Violation de l'art. 2 de la loi f\u00e9d\u00e9rale interdisant les groupes \u00ab Al-Qa\u00efda \u00bb et \u00ab Etat islamique \u00bb et les organisations apparent\u00e9es (aRS 122) et repr\u00e9sentation de la violence (art. 135 CP)\n\nAppel (partiel) du 8 juin 2023 contre le jugement de la Cour des affaires p\u00e9nales du Tribunal p\u00e9nal f\u00e9d\u00e9ral SK.2022.57 du 6 avril 2023"}], "ScrapyJob": "446973/37/2370", "Zeit UTC": "25.04.2026 08:35:43", "Checksum": "53eb8b226576196e103e1ab24db19204"}