{"Signatur": "CH_BSTG_001", "Spider": "CH_BSTG", "Datum": "2025-05-13", "PDF": {"Datei": "CH_BSTG/CH_BSTG_001_CA-2025-1_2025-05-13.pdf", "URL": "https://bstger.weblaw.ch/api/getDocumentFile/99402b31-bf39-3da8-a665-6e5c5eafe8a6?locale=de&userID=_for9wb6", "Checksum": "74995530edc88081dbc5edbb68422115"}, "Scrapedate": "2026-04-25", "Num": ["CA.2025.1"], "Kopfzeile": [{"Sprachen": ["de"], "Text": "Bundesstrafgericht 13.05.2025 CA.2025.1"}, {"Sprachen": ["fr"], "Text": "Tribunal p\u00e9nal f\u00e9d\u00e9ral 13.05.2025 CA.2025.1"}, {"Sprachen": ["it"], "Text": "Tribunale penale federale 13.05.2025 CA.2025.1"}], "Meta": [{"Sprachen": ["de"], "Text": "Eidgenossenschaft Bundesstrafgericht "}, {"Sprachen": ["fr"], "Text": "Conf\u00e9deration Tribunal p\u00e9nal f\u00e9d\u00e9ral "}, {"Sprachen": ["it"], "Text": "Confederazione Tribunale penale federale "}], "Abstract": [{"Sprachen": ["de", "fr", "it"], "Text": "Demande de r\u00e9cusation contre les juges p\u00e9naux f\u00e9d\u00e9raux Andrea Ermotti, Andrea Blum et Maurizio Albisetti Bernasconi ainsi que contre la greffi\u00e8re dans la proc\u00e9dure CA.2023.20;;Demande de r\u00e9cusation contre les juges p\u00e9naux f\u00e9d\u00e9raux Andrea Ermotti, Andrea Blum et Maurizio Albisetti Bernasconi ainsi que contre la greffi\u00e8re dans la proc\u00e9dure CA.2023.20;;Demande de r\u00e9cusation contre les juges p\u00e9naux f\u00e9d\u00e9raux Andrea Ermotti, Andrea Blum et Maurizio Albisetti Bernasconi ainsi que contre la greffi\u00e8re dans la proc\u00e9dure CA.2023.20;;Demande de r\u00e9cusation contre les juges p\u00e9naux f\u00e9d\u00e9raux Andrea Ermotti, Andrea Blum et Maurizio Albisetti Bernasconi ainsi que contre la greffi\u00e8re dans la proc\u00e9dure CA.2023.20"}], "ScrapyJob": "446973/37/2371", "Zeit UTC": "26.04.2026 01:02:40", "Checksum": "aa559e7a6f4e34db1812ed07da7a2d35"}