{"Signatur": "CH_BSTG_001", "Spider": "CH_BSTG", "Datum": "2021-08-07", "PDF": {"Datei": "CH_BSTG/CH_BSTG_001_CN-2021-8_2021-08-07.pdf", "URL": "https://bstger.weblaw.ch/files/20210725_CN_2021_8.pdf", "Checksum": "a4e1622b7f89fc13ba9c3ff6a3f40c4a"}, "Num": ["CN.2021.8"], "Kopfzeile": [{"Sprachen": ["de"], "Text": "Bundesstrafgericht 07.08.2021(publiziert) CN.2021.8"}, {"Sprachen": ["fr"], "Text": "Tribunal p\u00e9nal f\u00e9d\u00e9ral 07.08.2021(publi\u00e9) CN.2021.8"}, {"Sprachen": ["it"], "Text": "Tribunale penale federale 07.08.2021(pubblicato) CN.2021.8"}], "Meta": [{"Sprachen": ["de"], "Text": "Eidgenossenschaft Bundesstrafgericht "}, {"Sprachen": ["fr"], "Text": "Conf\u00e9deration Tribunal p\u00e9nal f\u00e9d\u00e9ral "}, {"Sprachen": ["it"], "Text": "Confederazione Tribunale penale federale "}], "Abstract": [{"Sprachen": ["de", "fr", "it"], "Text": "Appels du 24 d\u00e9cembre 2020 et appel joint du 26 janvier 2021 contre le jugement de la Cour des affaires p\u00e9nales du Tribunal p\u00e9nal f\u00e9d\u00e9ral SK.2019.13 du 17 juin 2020\n\nSuspension de la proc\u00e9dure"}], "ScrapyJob": "446973/37/510", "Zeit UTC": "07.12.2021 02:20:43", "Checksum": "606c2c385345fc26b58a2af68e017958"}