{"Signatur": "CH_BSTG_001", "Spider": "CH_BSTG", "Datum": "2009-09-15", "PDF": {"Datei": "CH_BSTG/CH_BSTG_001_RR-2009-231_2009-09-15.pdf", "URL": "https://bstger.weblaw.ch/api/getDocumentFile/cb2fcc4a-fb7e-32f3-ac4e-ca7e06124321?locale=de&userID=_ozbf1xb", "Checksum": "e31580470bb4692000dc5e2c1a451c89"}, "Scrapedate": "2026-04-25", "Num": ["RR.2009.231"], "Kopfzeile": [{"Sprachen": ["de"], "Text": "Bundesstrafgericht 15.09.2009 RR.2009.231"}, {"Sprachen": ["fr"], "Text": "Tribunal p\u00e9nal f\u00e9d\u00e9ral 15.09.2009 RR.2009.231"}, {"Sprachen": ["it"], "Text": "Tribunale penale federale 15.09.2009 RR.2009.231"}], "Meta": [{"Sprachen": ["de"], "Text": "Eidgenossenschaft Bundesstrafgericht "}, {"Sprachen": ["fr"], "Text": "Conf\u00e9deration Tribunal p\u00e9nal f\u00e9d\u00e9ral "}, {"Sprachen": ["it"], "Text": "Confederazione Tribunale penale federale "}], "Abstract": [{"Sprachen": ["de", "fr", "it"], "Text": "Extradition \u00e0 la R\u00e9publique de Serbie. Objection de d\u00e9lit politique (art. 55 al. 2 EIMP).;;Extradition \u00e0 la R\u00e9publique de Serbie. Objection de d\u00e9lit politique (art. 55 al. 2 EIMP).;;Extradition \u00e0 la R\u00e9publique de Serbie. Objection de d\u00e9lit politique (art. 55 al. 2 EIMP).;;Extradition \u00e0 la R\u00e9publique de Serbie. Objection de d\u00e9lit politique (art. 55 al. 2 EIMP)."}], "ScrapyJob": "446973/37/2370", "Zeit UTC": "25.04.2026 06:53:32", "Checksum": "c266b1cf9e2ed05bee0fd1eb7f34a3d3"}