{"Signatur": "CH_BSTG_001", "Spider": "CH_BSTG", "Datum": "2011-11-29", "PDF": {"Datei": "CH_BSTG/CH_BSTG_001_RR-2011-180_2011-11-29.pdf", "URL": "https://bstger.weblaw.ch/api/getDocumentFile/b1c0089e-3131-34df-9e13-18c086229fb3?locale=de&userID=_ozbf1xb", "Checksum": "adeea2b738eedb768020f75e1a9f441f"}, "Scrapedate": "2026-04-25", "Num": ["RR.2011.180", "RR.2011.214"], "Kopfzeile": [{"Sprachen": ["de"], "Text": "Bundesstrafgericht 29.11.2011 RR.2011.180"}, {"Sprachen": ["fr"], "Text": "Tribunal p\u00e9nal f\u00e9d\u00e9ral 29.11.2011 RR.2011.180"}, {"Sprachen": ["it"], "Text": "Tribunale penale federale 29.11.2011 RR.2011.180"}], "Meta": [{"Sprachen": ["de"], "Text": "Eidgenossenschaft Bundesstrafgericht "}, {"Sprachen": ["fr"], "Text": "Conf\u00e9deration Tribunal p\u00e9nal f\u00e9d\u00e9ral "}, {"Sprachen": ["it"], "Text": "Confederazione Tribunale penale federale "}], "Abstract": [{"Sprachen": ["de", "fr", "it"], "Text": "Extradition \u00e0 la R\u00e9publique de Serbie. D\u00e9cision d'extradition (art. 55 al. 1 EIMP) et objection de d\u00e9lit politique (art. 55 al. 2 EIMP).\n;;Extradition \u00e0 la R\u00e9publique de Serbie. D\u00e9cision d'extradition (art. 55 al. 1 EIMP) et objection de d\u00e9lit politique (art. 55 al. 2 EIMP).\n;;Extradition \u00e0 la R\u00e9publique de Serbie. D\u00e9cision d'extradition (art. 55 al. 1 EIMP) et objection de d\u00e9lit politique (art. 55 al. 2 EIMP).\n;;Extradition \u00e0 la R\u00e9publique de Serbie. D\u00e9cision d'extradition (art. 55 al. 1 EIMP) et objection de d\u00e9lit politique (art. 55 al. 2 EIMP)."}], "ScrapyJob": "446973/37/2370", "Zeit UTC": "25.04.2026 07:04:40", "Checksum": "39b0f54ef2ca664f6da9a1386db0ff57"}