{"Signatur": "CH_BSTG_001", "Spider": "CH_BSTG", "Datum": "2011-12-03", "PDF": {"Datei": "CH_BSTG/CH_BSTG_001_RR-2011-180_2011-12-03.pdf", "URL": "https://bstger.weblaw.ch/files/20111129_RR_2011_180.pdf", "Checksum": "adeea2b738eedb768020f75e1a9f441f"}, "Num": ["RR.2011.180"], "Kopfzeile": [{"Sprachen": ["de"], "Text": "Bundesstrafgericht 03.12.2011(publiziert) RR.2011.180"}, {"Sprachen": ["fr"], "Text": "Tribunal p\u00e9nal f\u00e9d\u00e9ral 03.12.2011(publi\u00e9) RR.2011.180"}, {"Sprachen": ["it"], "Text": "Tribunale penale federale 03.12.2011(pubblicato) RR.2011.180"}], "Meta": [{"Sprachen": ["de"], "Text": "Eidgenossenschaft Bundesstrafgericht "}, {"Sprachen": ["fr"], "Text": "Conf\u00e9deration Tribunal p\u00e9nal f\u00e9d\u00e9ral "}, {"Sprachen": ["it"], "Text": "Confederazione Tribunale penale federale "}], "Abstract": [{"Sprachen": ["de", "fr", "it"], "Text": "Extradition \u00e0 la R\u00e9publique de Serbie. D\u00e9cision d'extradition (art. 55 al. 1 EIMP) et objection de d\u00e9lit politique (art. 55 al. 2 EIMP)."}], "ScrapyJob": "446973/37/510", "Zeit UTC": "07.12.2021 02:35:24", "Checksum": "6f2a0e583732aeb56549cb56e24e0939"}