{"Signatur": "CH_BSTG_001", "Spider": "CH_BSTG", "Datum": "2014-02-18", "PDF": {"Datei": "CH_BSTG/CH_BSTG_001_RR-2013-260_2014-02-18.pdf", "URL": "https://bstger.weblaw.ch/api/getDocumentFile/becb0662-4fc3-3938-a915-54d36d1c304e?locale=de&userID=_ozbf1xb", "Checksum": "b59ff3d69366a61a52497375d0f4dca8"}, "Scrapedate": "2026-04-25", "Num": ["RR.2013.260"], "Kopfzeile": [{"Sprachen": ["de"], "Text": "Bundesstrafgericht 18.02.2014 RR.2013.260"}, {"Sprachen": ["fr"], "Text": "Tribunal p\u00e9nal f\u00e9d\u00e9ral 18.02.2014 RR.2013.260"}, {"Sprachen": ["it"], "Text": "Tribunale penale federale 18.02.2014 RR.2013.260"}], "Meta": [{"Sprachen": ["de"], "Text": "Eidgenossenschaft Bundesstrafgericht "}, {"Sprachen": ["fr"], "Text": "Conf\u00e9deration Tribunal p\u00e9nal f\u00e9d\u00e9ral "}, {"Sprachen": ["it"], "Text": "Confederazione Tribunale penale federale "}], "Abstract": [{"Sprachen": ["de", "fr", "it"], "Text": "Extradition \u00e0 la R\u00e9publique de Serbie. Objection de d\u00e9lit politique (art. 55 al. 2 EIMP).\n;;Extradition \u00e0 la R\u00e9publique de Serbie. Objection de d\u00e9lit politique (art. 55 al. 2 EIMP).\n;;Extradition \u00e0 la R\u00e9publique de Serbie. Objection de d\u00e9lit politique (art. 55 al. 2 EIMP).\n;;Extradition \u00e0 la R\u00e9publique de Serbie. Objection de d\u00e9lit politique (art. 55 al. 2 EIMP)."}], "ScrapyJob": "446973/37/2370", "Zeit UTC": "25.04.2026 07:18:33", "Checksum": "8e9df7429e2b866c8a8d002ba3f8dbaf"}