{"Signatur": "CH_BSTG_001", "Spider": "CH_BSTG", "Datum": "2022-07-19", "PDF": {"Datei": "CH_BSTG/CH_BSTG_001_RR-2021-299_2022-07-19.pdf", "URL": "https://bstger.weblaw.ch/api/getDocumentFile/6f2675ff-5ece-392d-8f82-fc696e06c7ea?locale=de&userID=_ozbf1xb", "Checksum": "010ec1507d65449b551cf70fbd129e0b"}, "Scrapedate": "2026-04-25", "Num": ["RR.2021.299"], "Kopfzeile": [{"Sprachen": ["de"], "Text": "Bundesstrafgericht 19.07.2022 RR.2021.299"}, {"Sprachen": ["fr"], "Text": "Tribunal p\u00e9nal f\u00e9d\u00e9ral 19.07.2022 RR.2021.299"}, {"Sprachen": ["it"], "Text": "Tribunale penale federale 19.07.2022 RR.2021.299"}], "Meta": [{"Sprachen": ["de"], "Text": "Eidgenossenschaft Bundesstrafgericht "}, {"Sprachen": ["fr"], "Text": "Conf\u00e9deration Tribunal p\u00e9nal f\u00e9d\u00e9ral "}, {"Sprachen": ["it"], "Text": "Confederazione Tribunale penale federale "}], "Abstract": [{"Sprachen": ["de", "fr", "it"], "Text": "Extradition \u00e0 la Suisse; acte de l'OFJ (art. 25 al. 1, 3 et 30 EIMP)\n;;Extradition \u00e0 la Suisse; acte de l'OFJ (art. 25 al. 1, 3 et 30 EIMP)\n;;Extradition \u00e0 la Suisse; acte de l'OFJ (art. 25 al. 1, 3 et 30 EIMP)\n;;Extradition \u00e0 la Suisse; acte de l'OFJ (art. 25 al. 1, 3 et 30 EIMP)"}], "ScrapyJob": "446973/37/2370", "Zeit UTC": "25.04.2026 08:25:05", "Checksum": "2fbd2863e6b19d3fbec0666440477b1d"}