{"Signatur": "GR_KG_999", "Spider": "GR_Gerichte", "Datum": "2026-04-10", "PDF": {"Datei": "GR_Gerichte/GR_KG_999_SV2-2025-74_2026-04-10.pdf", "URL": "https://entscheidsuche.gr.ch/tribunavtplus/ServletDownload/SV2_2025_74_ea3b182beef59b8c349185d9526f43b08ca2264ab0e2c0acca19b59adcd609767c888211add20748599d3f3e8bc8b816b3951e7808dd79429d058ea1b3174dd4edc1bc0425c099a9488a18062b80f8de?path=ea3b182beef59b8c349185d9526f43b08ca2264ab0e2c0acca19b59adcd609767c888211add20748599d3f3e8bc8b816b3951e7808dd79429d058ea1b3174dd4edc1bc0425c099a9488a18062b80f8de&pathIsEncrypted=1&dossiernummer=SV2_2025_74", "Checksum": "acdec1a066d54db50a678a54cc9b7347"}, "Scrapedate": "2026-04-24", "Num": ["SV2 2025 74"], "Kopfzeile": [{"Sprachen": ["de", "fr"], "Text": "Graub\u00fcnden Kantonsgericht Sonstige Kammern 10.04.2026 SV2 2025 74"}, {"Sprachen": ["it"], "Text": "Grigioni Tribunale cantonale Altre camere 10.04.2026 SV2 2025 74"}], "Meta": [{"Sprachen": ["de"], "Text": "Graub\u00fcnden Kantonsgericht Sonstige Kammern"}, {"Sprachen": ["fr"], "Text": "Grisons  Sonstige Kammern"}, {"Sprachen": ["it"], "Text": "Grigioni Tribunale cantonale Altre camere"}, {"Sprachen": ["de", "fr", "it"], "Text": "Bundesgesetz \u00fcber den Allgemeinen Teil des Sozialversicherungsrechts"}], "Abstract": [{"Sprachen": ["de", "fr", "it"], "Text": "F\u00f6rderung der selbst\u00e4ndigen Erwerbst\u00e4tigkeit | Arbeitslosenversicherung"}], "ScrapyJob": "446973/49/2205", "Zeit UTC": "24.04.2026 01:55:43", "Checksum": "dea4a449e02178db0bddcdd2eb3f128e"}