{"Signatur": "LU_BKD_001", "Spider": "LU_Gerichte", "Sprache": "de", "Datum": "2017-03-22", "HTML": {"Datei": "LU_Gerichte/LU_BKD_001_BKD-2017-1_2017-03-22.html", "URL": "https://gerichte.lu.ch/recht_sprechung/lgve/Ajax?EnId=10674", "Checksum": "9dc29d107f2fa3088afa65d631ce952e"}, "Scrapedate": "2023-01-01", "Num": ["BKD 2017 1", "2017 VI Nr. 1"], "Kopfzeile": [{"Sprachen": ["de"], "Text": "Luzern Bildungs- und Kulturdepartement 22.03.2017 BKD 2017 1 (2017 VI Nr. 1)"}, {"Sprachen": ["fr"], "Text": "Lucerne Bildungs- und Kulturdepartement 22.03.2017 BKD 2017 1 (2017 VI Nr. 1)"}, {"Sprachen": ["it"], "Text": "Lucerna Bildungs- und Kulturdepartement 22.03.2017 BKD 2017 1 (2017 VI Nr. 1)"}], "Meta": [{"Sprachen": ["de"], "Text": "Luzern Bildungs- und Kulturdepartement "}, {"Sprachen": ["fr"], "Text": "Lucerne Bildungs- und Kulturdepartement "}, {"Sprachen": ["it"], "Text": "Lucerna Bildungs- und Kulturdepartement "}], "Abstract": [{"Sprachen": ["de", "fr", "it"], "Text": "Erfahrungsnoten im Zusammenhang mit der Maturit\u00e4t sind mit dem Jahreszeugnis anzufechten. Das Ermessen der Maturit\u00e4tskonferenz bei Entscheiden \u00fcber das Bestehen oder Nichtbestehen der Maturit\u00e4tspr\u00fcfung ist auf den Fall beschr\u00e4nkt, in dem sich die Maturit\u00e4tsnoten nicht gem\u00e4ss den reglementarisch vorgegebenen Bestimmungen runden lassen. | \u00a7 107 Abs. 2 lit. e VRG, \u00a7 110 Abs. 2 lit. e VRG; \u00a7 4 Abs. 2 Reglement f\u00fcr die Maturit\u00e4tspr\u00fcfungen im Kanton Luzern, \u00a7 17 Abs. 4 Reglement f\u00fcr die Maturit\u00e4tspr\u00fcfungen im Kanton Luzern | Bildungsrecht"}], "ScrapyJob": "446973/63/2423", "Zeit UTC": "21.03.2026 03:11:23", "Checksum": "b07069dddf6a2909e14750009169ebb3"}