{"Signatur": "LU_KG_003", "Spider": "LU_Gerichte", "Sprache": "de", "Datum": "2016-04-12", "HTML": {"Datei": "LU_Gerichte/LU_KG_003_5V-15-574_2016-04-12.html", "URL": "https://gerichte.lu.ch/recht_sprechung/lgve/Ajax?EnId=10497", "Checksum": "b242e9d60e38cb0bd87640d879ea3ebd"}, "Scrapedate": "2023-01-01", "Num": ["5V 15 574"], "Kopfzeile": [{"Sprachen": ["de", "fr", "it"], "Text": "Luzern Kantonsgericht 3. Abteilung 12.04.2016 5V 15 574"}], "Meta": [{"Sprachen": ["de"], "Text": "Luzern Kantonsgericht 3. Abteilung"}, {"Sprachen": ["fr"], "Text": "Lucerne  3. Abteilung"}, {"Sprachen": ["it"], "Text": "Lucerna  3. Abteilung"}], "Abstract": [{"Sprachen": ["de", "fr", "it"], "Text": "Eine Kostenverg\u00fctung des obligatorischen Krankenversicherers f\u00fcr die Korrektur einer Brustdeformit\u00e4t (tuber\u00f6se Br\u00fcste) oder einer Fettverteilungsst\u00f6rung setzt voraus, dass der \u00e4sthetische Mangel k\u00f6rperliche oder psychische Beschwerden mit Krankheitswert verursacht hat und deren Behebung das eigentliche Ziel des Eingriffs ist (E. 5) oder aber dass der \u00e4sthetische Mangel als entstellend zu betrachten ist (E. 6). Vorliegend sind die Voraussetzungen der Leistungspflicht der Krankenkasse nicht erf\u00fcllt.\r\nW\u00e4hlt ein Versicherter, aus welchen Gr\u00fcnden auch immer, eine nicht zu den gesetzlichen Pflichtleistungen geh\u00f6rende Pflege und Behandlung, so hat er keinen Anspruch auf Anrechnung der dadurch eingesparten Pflichtleistungskosten (i.c. einer Psychotherapie; E. 7). | Art. 24 KVG, Art. 25 Abs. 1 KVG; Art. 3 Abs. 1 ATSG. | Krankenversicherung"}], "ScrapyJob": "446973/63/2423", "Zeit UTC": "21.03.2026 03:11:16", "Checksum": "8a9d783bd15026a62b0f1e28f516ea9a"}