{"Signatur": "LU_KG_003", "Spider": "LU_Gerichte", "Sprache": "de", "Datum": "2020-01-15", "HTML": {"Datei": "LU_Gerichte/LU_KG_003_5V-18-163_2020-01-15.html", "URL": "https://gerichte.lu.ch/recht_sprechung/lgve/Ajax?EnId=10780", "Checksum": "f31185c3301f4bfa9f3257857e680278"}, "Scrapedate": "2023-01-01", "Num": ["5V 18 163", "2020 III Nr. 4"], "Kopfzeile": [{"Sprachen": ["de", "fr", "it"], "Text": "Luzern Kantonsgericht 3. Abteilung 15.01.2020 5V 18 163 (2020 III Nr. 4)"}], "Meta": [{"Sprachen": ["de"], "Text": "Luzern Kantonsgericht 3. Abteilung"}, {"Sprachen": ["fr"], "Text": "Lucerne  3. Abteilung"}, {"Sprachen": ["it"], "Text": "Lucerna  3. Abteilung"}], "Abstract": [{"Sprachen": ["de", "fr", "it"], "Text": "Die seitens des Regierungsrats bewusst vorgenommene tiefe Ansetzung der bei den Erg\u00e4nzungsleistungen als anerkannte Ausgaben anrechenbaren Tagestaxe f\u00fcr den Aufenthalt in einem Pflegeheim f\u00fchrt in der Planungsregion Luzern \u00fcber kurz oder lang in die Sozialhilfeabh\u00e4ngigkeit. Das verst\u00f6sst gegen Bundesrecht. Daher ist die kantonale Norm im Fall eines im Pflegeheim lebenden AHV-Rentners nicht anzuwenden (konkrete Normenkontrolle). | Art. 10 Abs. 2 ELG; \u00a7 3 Abs. 1 LU-ELG; \u00a7 1 Abs. 1 lit. a LU-ELV | Erg\u00e4nzungsleistungen"}], "ScrapyJob": "446973/63/2423", "Zeit UTC": "21.03.2026 03:01:50", "Checksum": "3623e38312d197f36968817c5a5af97f"}