{"Signatur": "LU_KG_003", "Spider": "LU_Gerichte", "Sprache": "de", "Datum": "2018-10-08", "HTML": {"Datei": "LU_Gerichte/LU_KG_003_5V-18-35_2018-10-08.html", "URL": "https://gerichte.lu.ch/recht_sprechung/lgve/Ajax?EnId=10708", "Checksum": "260373f2ac7ab95f3c3b9e3f4b549263"}, "Scrapedate": "2023-01-01", "Num": ["5V 18 35", "2018 III Nr. 7"], "Kopfzeile": [{"Sprachen": ["de", "fr", "it"], "Text": "Luzern Kantonsgericht 3. Abteilung 08.10.2018 5V 18 35 (2018 III Nr. 7)"}], "Meta": [{"Sprachen": ["de"], "Text": "Luzern Kantonsgericht 3. Abteilung"}, {"Sprachen": ["fr"], "Text": "Lucerne  3. Abteilung"}, {"Sprachen": ["it"], "Text": "Lucerna  3. Abteilung"}], "Abstract": [{"Sprachen": ["de", "fr", "it"], "Text": "Pr\u00e4mienverbilligungen werden nicht nachtr\u00e4glich f\u00fcr Steuerjahre ausbezahlt, sondern f\u00fcr das laufende Jahr und grunds\u00e4tzlich gest\u00fctzt auf die aktuellsten Verh\u00e4ltnisse (E. 3.3.1). \r\n\r\nDie Ausgleichskasse konnte vorliegend unabh\u00e4ngig vom budgetlosen Zustand des Kantons die Pr\u00e4mienverbilligungsanspr\u00fcche auch gest\u00fctzt auf \u00a7 8a Abs. 1 PVG von Amtes wegen f\u00fcr das ganze Jahr 2017 anpassen respektive aufheben (E. 3.3.2).\r\n\r\nDer Zweck der Pr\u00e4mienverbilligung wird offensichtlich nicht erf\u00fcllt, wenn Versicherten, obwohl sie im Anspruchsjahr ein Einkommen weit \u00fcber der Anspruchsgrenze erzielen, noch gest\u00fctzt auf ihr vormals viel geringer ausgefallenes Einkommen solche Beitr\u00e4ge gew\u00e4hrt werden (E. 3.3.4). | Art. 65 Abs. 3 KVG; \u00a7 1 PVG, \u00a7 5 PVG, \u00a7 6 PVG, \u00a7 7 PVG, \u00a7 8a PVG, \u00a7 12 Abs. 2 PVG, \u00a7 20 Abs. 1 PVG, \u00a7 21 Abs. 1 PVG; \u00a7 2 PVV. | Pr\u00e4mienverbilligung"}], "ScrapyJob": "446973/63/2423", "Zeit UTC": "21.03.2026 03:11:34", "Checksum": "e5d69b86b5193917e671f754f379b7a9"}