{"Signatur": "LU_KG_003", "Spider": "LU_Gerichte", "Sprache": "de", "Datum": "2022-08-09", "HTML": {"Datei": "LU_Gerichte/LU_KG_003_5V-22-47_2022-08-09.html", "URL": "https://gerichte.lu.ch/recht_sprechung/lgve/Ajax?EnId=10944", "Checksum": "2a0a78e88569de68f242d3c3562a0da6"}, "Scrapedate": "2023-01-01", "Num": ["5V 22 47", "2022 III Nr. 3"], "Kopfzeile": [{"Sprachen": ["de", "fr", "it"], "Text": "Luzern Kantonsgericht 3. Abteilung 09.08.2022 5V 22 47 (2022 III Nr. 3)"}], "Meta": [{"Sprachen": ["de"], "Text": "Luzern Kantonsgericht 3. Abteilung"}, {"Sprachen": ["fr"], "Text": "Lucerne  3. Abteilung"}, {"Sprachen": ["it"], "Text": "Lucerna  3. Abteilung"}], "Abstract": [{"Sprachen": ["de", "fr", "it"], "Text": "Der Befreiungsgrund f\u00fcr die Erf\u00fcllung der Beitragszeit der Krankheit ist erf\u00fcllt, wenn der versicherten Person innerhalb der Rahmenfrist f\u00fcr die Beitragszeit w\u00e4hrend mehr als zw\u00f6lf Monaten aufgrund einer vollen Arbeitsunf\u00e4higkeit (Kranken- oder Unfall-)Taggelder ausgerichtet wurden und sie w\u00e4hrend dieser Zeit weder zur Arbeitsaufnahme aufgefordert wurde noch davon auszugehen hatte, dass sie entgegen den \u00e4rztlichen Attesten zu einer solchen verpflichtet w\u00e4re (E. 5). | Art. 8 Abs. 1 lit. e AVIG, Art. 9 Abs. 3 AVIG, Art. 13 Abs. 1 AVIG, Art. 13 Abs. 2 lit. c AVIG, Art. 14 Abs. 1 lit. b AVIG. | Arbeitslosenversicherung"}], "ScrapyJob": "446973/63/2423", "Zeit UTC": "21.03.2026 03:01:33", "Checksum": "d4d77ebdcebf923cd94648b927a5c069"}