{"Signatur": "LU_KG_004", "Spider": "LU_Gerichte", "Sprache": "de", "Datum": "2014-12-09", "HTML": {"Datei": "LU_Gerichte/LU_KG_004_7W-13-51---7W-13-52_2014-12-09.html", "URL": "https://gerichte.lu.ch/recht_sprechung/lgve/Ajax?EnId=10413", "Checksum": "8015c8fec28f6ffcb1fedd6c31e3c702"}, "Scrapedate": "2023-01-01", "Num": ["7W 13 51 / 7W 13 52"], "Kopfzeile": [{"Sprachen": ["de", "fr", "it"], "Text": "Luzern Kantonsgericht 4. Abteilung 09.12.2014 7W 13 51 / 7W 13 52"}], "Meta": [{"Sprachen": ["de"], "Text": "Luzern Kantonsgericht 4. Abteilung"}, {"Sprachen": ["fr"], "Text": "Lucerne  4. Abteilung"}, {"Sprachen": ["it"], "Text": "Lucerna  4. Abteilung"}], "Abstract": [{"Sprachen": ["de", "fr", "it"], "Text": "Berufskostenabzug: Die Kombination von privatem Fahrzeug und \u00f6ffentlichen Verkehrsmitteln erscheint jedenfalls dann als zul\u00e4ssig und zumutbar, wenn einer kurzen Wegstrecke, die mit dem Privatfahrzeug zur\u00fcckgelegt wird, eine markant l\u00e4ngere Distanz gegen\u00fcbersteht, die mit den \u00f6ffentlichen Transportmitteln bew\u00e4ltigt wird. | Art. 26 Abs. 1 DBG, Art. 5 Berufskostenverordnung; \u00a7 33 Abs. 1 StG. | Staats- und Gemeindesteuern / direkte Bundessteuer"}], "ScrapyJob": "446973/63/2423", "Zeit UTC": "21.03.2026 03:02:41", "Checksum": "fde376c5bb65bfbe64ecbd07374915c1"}