{"Signatur": "LU_KG_004", "Spider": "LU_Gerichte", "Sprache": "de", "Datum": "2014-02-14", "HTML": {"Datei": "LU_Gerichte/LU_KG_004_V-12-189_2014-02-14.html", "URL": "https://gerichte.lu.ch/recht_sprechung/lgve/Ajax?EnId=10282", "Checksum": "a449c4347c1f10deb7cb45d532d582eb"}, "Scrapedate": "2023-01-01", "Num": ["V 12 189"], "Kopfzeile": [{"Sprachen": ["de", "fr", "it"], "Text": "Luzern Kantonsgericht 4. Abteilung 14.02.2014 V 12 189"}], "Meta": [{"Sprachen": ["de"], "Text": "Luzern Kantonsgericht 4. Abteilung"}, {"Sprachen": ["fr"], "Text": "Lucerne  4. Abteilung"}, {"Sprachen": ["it"], "Text": "Lucerna  4. Abteilung"}], "Abstract": [{"Sprachen": ["de", "fr", "it"], "Text": "F\u00fcr die Frage, ob eine geplante Mobilfunkantenne den Anlagegrenzwert gem\u00e4ss NISV auf einem un\u00fcberbauten Grundst\u00fcck im massgeblichen Perimeter einh\u00e4lt, ist f\u00fcr die Berechnung der zu erwartenden Strahlenbelastung das gesamte baurechtlich zul\u00e4ssige Volumen als m\u00f6glicher Ort mit empfindlicher Nutzung (OMEN) zu ber\u00fccksichtigen. Die Fassadenh\u00f6he eines Geb\u00e4udes ist f\u00fcr jede Fassade separat zu ermitteln. Gem\u00e4ss dem Recht, das bis zur gemeindeweisen Umsetzung der Definitionen der Interkantonalen Vereinbarung \u00fcber die Harmonisierung der Baubegriffe (IVHB) gilt, ist die Fassadenh\u00f6he dabei auch im Fall einer kommunalen H\u00f6henbeschr\u00e4nkung jeweils in der Mitte der Fassade zu messen. | Art. 3 Abs. 3 NISV, Art. 4 Abs. 1 NISV, Art. 12 NISV; \u00a7 122 Abs. 4 Anhang PBG | Baurecht"}], "ScrapyJob": "446973/63/2423", "Zeit UTC": "21.03.2026 03:10:54", "Checksum": "87fb8001e43390bb1567c20b89fae8de"}