{"Signatur": "LU_KG_999", "Spider": "LU_Gerichte", "Sprache": "de", "Datum": "1996-12-11", "HTML": {"Datei": "LU_Gerichte/LU_KG_999_A-96-249_1996-12-11.html", "URL": "https://gerichte.lu.ch/recht_sprechung/lgve/Ajax?EnId=984", "Checksum": "c1db25c3e860d1c469520d116f9d8339"}, "Scrapedate": "2023-01-01", "Num": ["A 96 249", "1996 II Nr. 13"], "Kopfzeile": [{"Sprachen": ["de", "fr", "it"], "Text": "Luzern Kantonsgericht sonstige 11.12.1996 A 96 249 (1996 II Nr. 13)"}], "Meta": [{"Sprachen": ["de"], "Text": "Luzern Kantonsgericht sonstige"}, {"Sprachen": ["fr"], "Text": "Lucerne  sonstige"}, {"Sprachen": ["it"], "Text": "Lucerna  sonstige"}, {"Sprachen": ["de", "fr", "it"], "Text": "Verwaltungsgericht Abgaberechtliche Abteilung"}], "Abstract": [{"Sprachen": ["de", "fr", "it"], "Text": "\u00a7 12 PVG. Frist zur Anmeldung des Anspruchs auf Pr\u00e4mienverbilligung; Verwirkung; Verl\u00e4ngerung aus wichtigen Gr\u00fcnden. Bei den in \u00a7 12 PVG vorgesehenen Fristen handelt es sich um Verwirkungsfristen. Pr\u00e4mienverbilligungsanspr\u00fcche, welche nicht innerhalb der Anmeldefrist bis Ende M\u00e4rz des Bestimmungsjahres - bei Verl\u00e4ngerung aus wichtigen Gr\u00fcnden bis Ende Juni - geltend gemacht werden, sind daher grunds\u00e4tzlich verwirkt. Bei der Verwirkung geht das Recht selbst unter, falls nicht innerhalb der Verwirkungsfrist die gesetzlich vorgesehene Handlung vorgenommen wird. Ein wichtiger Grund liegt vor, wenn der Gesuchsteller durch \u00e4ussere oder in seiner Person liegende Umst\u00e4nde verhindert gewesen ist, innert Frist zu handeln. | Pr\u00e4mienverbilligung"}], "ScrapyJob": "446973/63/2039", "Zeit UTC": "19.03.2025 04:32:56", "Checksum": "110314fa2262b3ab303f2eb78cba5228"}