{"Signatur": "LU_KG_999", "Spider": "LU_Gerichte", "Sprache": "de", "Datum": "2015-04-28", "HTML": {"Datei": "LU_Gerichte/LU_KG_999_RRE-Nr--470_2015-04-28.html", "URL": "https://gerichte.lu.ch/recht_sprechung/lgve/Ajax?EnId=10476", "Checksum": "f94378641cf0caabe74383851d06b59a"}, "Num": ["RRE Nr. 470", "2015 VI Nr. 8"], "Kopfzeile": [{"Sprachen": ["de", "fr", "it"], "Text": "Luzern Kantonsgericht sonstige 28.04.2015 RRE Nr. 470 (2015 VI Nr. 8)"}], "Meta": [{"Sprachen": ["de"], "Text": "Luzern Kantonsgericht sonstige"}, {"Sprachen": ["fr"], "Text": "Lucerne  sonstige"}, {"Sprachen": ["it"], "Text": "Lucerna  sonstige"}], "Abstract": [{"Sprachen": ["de", "fr", "it"], "Text": "Die Einreichung einer Petition durch Vertreter von Personalverb\u00e4nden ist im Rahmen des Mitspracherechts von \u00a7 61 PG von der kollektiven Koalitionsfreiheit (\u00a7 45 PG) erfasst. Bei der Aus\u00fcbung des Mitspracherechts sind die Personalverb\u00e4nde und ihre Vertreter aber an den allgemeinen Rechtsgrundsatz von Treu und Glauben gebunden.\r\n\r\nAbmahnungen stellen keine personalrechtlichen Entscheide im Sinn von \u00a7 70 Abs. 2 PG dar, weshalb sie vom Regierungsrat nicht direkt auf deren Rechtm\u00e4ssigkeit \u00fcberpr\u00fcft werden k\u00f6nnen. | \u00a7 45 PG, \u00a7 61 PG, \u00a7 70 Abs. 2 PG | Personalrecht"}], "ScrapyJob": "446973/63/408", "Zeit UTC": "14.12.2021 04:03:05", "Checksum": "ecc3d5678d18da983e2c5a3a3c5d0b38"}