{"Signatur": "LU_KG_999", "Spider": "LU_Gerichte", "Sprache": "de", "Datum": "2003-05-23", "HTML": {"Datei": "LU_Gerichte/LU_KG_999_S-01-582_2003-05-23.html", "URL": "https://gerichte.lu.ch/recht_sprechung/lgve/Ajax?EnId=2483", "Checksum": "e56ce1eb2b64b49be9f05d396c6f4878"}, "Scrapedate": "2023-01-01", "Num": ["S 01 582", "2003 II Nr. 32"], "Kopfzeile": [{"Sprachen": ["de", "fr", "it"], "Text": "Luzern Kantonsgericht sonstige 23.05.2003 S 01 582 (2003 II Nr. 32)"}], "Meta": [{"Sprachen": ["de"], "Text": "Luzern Kantonsgericht sonstige"}, {"Sprachen": ["fr"], "Text": "Lucerne  sonstige"}, {"Sprachen": ["it"], "Text": "Lucerna  sonstige"}, {"Sprachen": ["de", "fr", "it"], "Text": "Verwaltungsgericht Sozialversicherungsrechtliche Abteilung"}], "Abstract": [{"Sprachen": ["de", "fr", "it"], "Text": "Art. 8 lit. a des Abkommens zwischen der Schweizerischen Eidgenossenschaft und der F\u00f6derativen Volksrepublik Jugoslawien \u00fcber Sozialversicherung; Art. 12 IVG. Bei den medizinischen Eingliederungsmassnahmen gilt die Invalidit\u00e4t erst in dem Zeitpunkt als eingetreten, in dem die Behandlungsbed\u00fcrftigkeit festgestellt wurde. Die versicherungsm\u00e4ssige Voraussetzung des mindestens einj\u00e4hrigen Aufenthalts in der Schweiz ist somit vorliegend erf\u00fcllt. | Invalidenversicherung"}], "ScrapyJob": "446973/63/2039", "Zeit UTC": "19.03.2025 04:31:56", "Checksum": "bddc7df0424257681cf77f0196021a90"}