{"Signatur": "LU_KG_999", "Spider": "LU_Gerichte", "Sprache": "de", "Datum": "2006-09-28", "HTML": {"Datei": "LU_Gerichte/LU_KG_999_V-05-362-2_2006-09-28.html", "URL": "https://gerichte.lu.ch/recht_sprechung/lgve/Ajax?EnId=3059", "Checksum": "658383128122d7bb391e1662e7690991"}, "Scrapedate": "2023-01-01", "Num": ["V 05 362_2", "2006 II Nr. 12"], "Kopfzeile": [{"Sprachen": ["de", "fr", "it"], "Text": "Luzern Kantonsgericht sonstige 28.09.2006 V 05 362_2 (2006 II Nr. 12)"}], "Meta": [{"Sprachen": ["de"], "Text": "Luzern Kantonsgericht sonstige"}, {"Sprachen": ["fr"], "Text": "Lucerne  sonstige"}, {"Sprachen": ["it"], "Text": "Lucerna  sonstige"}, {"Sprachen": ["de", "fr", "it"], "Text": "Verwaltungsgericht Verwaltungsrechtliche Abteilung"}], "Abstract": [{"Sprachen": ["de", "fr", "it"], "Text": "Art. 22 Abs. 2 lit. a RPG; Art. 1 Abs. 2 USG; Art. 43 Abs. 1 lit. c LSV; \u00a7 35 PBG. Die Zonenkonformit\u00e4t eines Fixerraumes in der Wohn- und Gesch\u00e4ftszone der Stadt Luzern wird bejaht. Es ist davon auszugehen, dass der Betrieb dieser Institution kaum zu materiellen Immissionen wie L\u00e4rm, Ger\u00fcchen, Staub usw. f\u00fchren wird. Andererseits ist trotz der vorgesehenen pr\u00e4ventiven und repressiven Massnahmen mit gewissen ideellen Immissionen zu rechnen. Allerdings ist zu erwarten, dass sich diese h\u00f6chstens m\u00e4ssig st\u00f6rend im Sinne der Gesetzgebung auswirken werden. Auch das im Umweltrecht geltende Vorsorgeprinzip und der Grundsatz der Verh\u00e4ltnism\u00e4ssigkeit k\u00f6nnen als eingehalten gelten. | Bau- und Planungsrecht"}], "ScrapyJob": "446973/63/2039", "Zeit UTC": "19.03.2025 04:35:20", "Checksum": "9b9fcc2e29c4373cc5c3f3914ee67bc1"}