{"Signatur": "LU_KG_999", "Spider": "LU_Gerichte", "Sprache": "de", "Datum": "2006-12-20", "HTML": {"Datei": "LU_Gerichte/LU_KG_999_V-05-89_2006-12-20.html", "URL": "https://gerichte.lu.ch/recht_sprechung/lgve/Ajax?EnId=2942", "Checksum": "dbdba48ca8c55ab24802d1858a2462eb"}, "Scrapedate": "2023-01-01", "Num": ["V 05 89"], "Kopfzeile": [{"Sprachen": ["de", "fr", "it"], "Text": "Luzern Kantonsgericht sonstige 20.12.2006 V 05 89"}], "Meta": [{"Sprachen": ["de"], "Text": "Luzern Kantonsgericht sonstige"}, {"Sprachen": ["fr"], "Text": "Lucerne  sonstige"}, {"Sprachen": ["it"], "Text": "Lucerna  sonstige"}, {"Sprachen": ["de", "fr", "it"], "Text": "Verwaltungsgericht Verwaltungsrechtliche Abteilung"}], "Abstract": [{"Sprachen": ["de", "fr", "it"], "Text": "Eine \u00c4nderung der Stundentafel und daraus resultierende Pensenreduktionen stellen einen sachlichen Grund dar f\u00fcr eine Umgestaltung des Arbeitsverh\u00e4ltnisses, allenfalls gar f\u00fcr eine K\u00fcndigung. Allerdings ist das rechtliche Geh\u00f6r gem. \u00a7 65 Abs. 2 PG zu gew\u00e4hren und auch die Verh\u00e4ltnism\u00e4ssigkeit zu wahren. | Personalrecht"}], "ScrapyJob": "446973/63/2039", "Zeit UTC": "19.03.2025 04:31:16", "Checksum": "f806c3ccad99090708c52c394f4ba4b0"}