{"Signatur": "LU_KG_999", "Spider": "LU_Gerichte", "Sprache": "de", "Datum": "2009-07-07", "HTML": {"Datei": "LU_Gerichte/LU_KG_999_V-08-230-1_2009-07-07.html", "URL": "https://gerichte.lu.ch/recht_sprechung/lgve/Ajax?EnId=4359", "Checksum": "a16f00d85d88d7bd9f66dbc08f7d5c42"}, "Scrapedate": "2023-01-01", "Num": ["V 08 230_1"], "Kopfzeile": [{"Sprachen": ["de", "fr", "it"], "Text": "Luzern Kantonsgericht sonstige 07.07.2009 V 08 230_1"}], "Meta": [{"Sprachen": ["de"], "Text": "Luzern Kantonsgericht sonstige"}, {"Sprachen": ["fr"], "Text": "Lucerne  sonstige"}, {"Sprachen": ["it"], "Text": "Lucerna  sonstige"}, {"Sprachen": ["de", "fr", "it"], "Text": "Verwaltungsgericht Verwaltungsrechtliche Abteilung"}], "Abstract": [{"Sprachen": ["de", "fr", "it"], "Text": "Die in \u00a7 138 Abs. 2 PBG geforderte Fl\u00e4chenreduktion ist im Aussenbereich bzw. an einem oder mehreren Geschossr\u00e4ndern anzusiedeln (E. 3d und e). Die Begriffe \"Grundfl\u00e4che\" und \"anrechenbare Geschossfl\u00e4che\" sind nicht gleichbedeutend. Ein verglaster Wintergarten ist Bestandteil der Grundfl\u00e4che i.S.v. \u00a7 138 Abs. 2 PBG (E. 3f/aa). \u00dcberdachte, nicht allseits umschlossene Fl\u00e4chen k\u00f6nnen nutzbare Fl\u00e4chen i.S.v. \u00a7 138 Abs. 2 zweiter Satz PBG sein (E. 3f/bb). | Bau- und Planungsrecht"}], "ScrapyJob": "446973/63/2039", "Zeit UTC": "19.03.2025 04:30:47", "Checksum": "1b44608e1d8e4ef641b3bb6969488747"}