{"Signatur": "LU_OG_001", "Spider": "LU_Gerichte", "Sprache": "de", "Datum": "1997-07-02", "HTML": {"Datei": "LU_Gerichte/LU_OG_001_11-97-45-129_1997-07-02.html", "URL": "https://gerichte.lu.ch/recht_sprechung/lgve/Ajax?EnId=1649", "Checksum": "e3d22cf7c7a46433c165ac230cf6857a"}, "Scrapedate": "2023-01-01", "Num": ["11 97 45/129", "1997 I Nr. 46"], "Kopfzeile": [{"Sprachen": ["de"], "Text": "Luzern Obergericht I. Kammer 02.07.1997 11 97 45/129 (1997 I Nr. 46)"}, {"Sprachen": ["fr"], "Text": "Lucerne Obergericht I. Kammer 02.07.1997 11 97 45/129 (1997 I Nr. 46)"}, {"Sprachen": ["it"], "Text": "Lucerna Obergericht I. Kammer 02.07.1997 11 97 45/129 (1997 I Nr. 46)"}], "Meta": [{"Sprachen": ["de"], "Text": "Luzern Obergericht I. Kammer"}, {"Sprachen": ["fr"], "Text": "Lucerne Obergericht I. Kammer"}, {"Sprachen": ["it"], "Text": "Lucerna Obergericht I. Kammer"}], "Abstract": [{"Sprachen": ["de", "fr", "it"], "Text": "\u00a7 26 Abs. 2 AGG. F\u00fcr eine juristische Person kann an der Verhandlung vor Arbeitsgericht teilnehmen, wer im Betrieb f\u00fcr arbeitsvertragliche Belange zust\u00e4ndig ist, selbst wenn es sich dabei um einen Fachrichter des Arbeitsgerichts handelt. | Zivilprozessrecht"}], "ScrapyJob": "446973/63/2392", "Zeit UTC": "18.02.2026 03:18:19", "Checksum": "de411c7d645c7208ea3fd6155f1c6ca9"}