{"Signatur": "LU_OG_002", "Spider": "LU_Gerichte", "Sprache": "de", "Datum": "2009-04-07", "HTML": {"Datei": "LU_Gerichte/LU_OG_002_21-09-27_2009-04-07.html", "URL": "https://gerichte.lu.ch/recht_sprechung/lgve/Ajax?EnId=3932", "Checksum": "8bbccf1fa17c6d8cd33a7a362a7d3abf"}, "Scrapedate": "2023-01-01", "Num": ["21 09 27", "2009 I Nr. 49"], "Kopfzeile": [{"Sprachen": ["de", "fr", "it"], "Text": "Luzern Obergericht II. Kammer 07.04.2009 21 09 27 (2009 I Nr. 49)"}], "Meta": [{"Sprachen": ["de"], "Text": "Luzern Obergericht II. Kammer"}, {"Sprachen": ["fr"], "Text": "Lucerne  II. Kammer"}, {"Sprachen": ["it"], "Text": "Lucerna  II. Kammer"}], "Abstract": [{"Sprachen": ["de", "fr", "it"], "Text": "Art. 62 Abs. 4 StGB. Verl\u00e4ngerung der Probezeit bei der bedingten Entlassung aus einer station\u00e4ren Massnahme nach Ablauf der urspr\u00fcnglichen Probezeit. Die neue Probezeit beginnt mit der Er\u00f6ffnung des Verl\u00e4ngerungsbeschlusses. | Strafrecht"}], "ScrapyJob": "446973/63/2390", "Zeit UTC": "16.02.2026 03:03:39", "Checksum": "839f5d112a38df362cb0e74e4565ef72"}