{"Signatur": "LU_RR_001", "Spider": "LU_Gerichte", "Sprache": "de", "Datum": "2015-04-28", "HTML": {"Datei": "LU_Gerichte/LU_RR_001_RRE-Nr--470_2015-04-28.html", "URL": "https://gerichte.lu.ch/recht_sprechung/lgve/Ajax?EnId=10476", "Checksum": "a85ad1a5a457b7e6b5eedd714f440532"}, "Scrapedate": "2023-01-01", "Num": ["RRE Nr. 470", "2015 VI Nr. 8"], "Kopfzeile": [{"Sprachen": ["de"], "Text": "Luzern Regierungsrat 28.04.2015 RRE Nr. 470 (2015 VI Nr. 8)"}, {"Sprachen": ["fr"], "Text": "Lucerne Regierungsrat 28.04.2015 RRE Nr. 470 (2015 VI Nr. 8)"}, {"Sprachen": ["it"], "Text": "Lucerna Regierungsrat 28.04.2015 RRE Nr. 470 (2015 VI Nr. 8)"}], "Meta": [{"Sprachen": ["de"], "Text": "Luzern Regierungsrat "}, {"Sprachen": ["fr"], "Text": "Lucerne Regierungsrat "}, {"Sprachen": ["it"], "Text": "Lucerna Regierungsrat "}], "Abstract": [{"Sprachen": ["de", "fr", "it"], "Text": "Die Einreichung einer Petition durch Vertreter von Personalverb\u00e4nden ist im Rahmen des Mitspracherechts von \u00a7 61 PG von der kollektiven Koalitionsfreiheit (\u00a7 45 PG) erfasst. Bei der Aus\u00fcbung des Mitspracherechts sind die Personalverb\u00e4nde und ihre Vertreter aber an den allgemeinen Rechtsgrundsatz von Treu und Glauben gebunden.\r\n\r\nAbmahnungen stellen keine personalrechtlichen Entscheide im Sinn von \u00a7 70 Abs. 2 PG dar, weshalb sie vom Regierungsrat nicht direkt auf deren Rechtm\u00e4ssigkeit \u00fcberpr\u00fcft werden k\u00f6nnen. | \u00a7 45 PG, \u00a7 61 PG, \u00a7 70 Abs. 2 PG | Personalrecht"}], "ScrapyJob": "446973/63/2423", "Zeit UTC": "21.03.2026 03:02:33", "Checksum": "8c9cebf5c80ebe1bb99743f41cff3810"}