{"Signatur": "LU_VWG_001", "Spider": "LU_Gerichte", "Sprache": "de", "Datum": "2007-05-15", "HTML": {"Datei": "LU_Gerichte/LU_VWG_001_V-06-211_2007-05-15.html", "URL": "https://gerichte.lu.ch/recht_sprechung/lgve/Ajax?EnId=3020", "Checksum": "f3e9f2b35af73018abfda571c7976ef0"}, "Scrapedate": "2023-01-01", "Num": ["V 06 211"], "Kopfzeile": [{"Sprachen": ["de"], "Text": "Luzern Verwaltungsgericht Verwaltungsrechtliche Abteilung 15.05.2007 V 06 211"}, {"Sprachen": ["fr"], "Text": "Lucerne Verwaltungsgericht Verwaltungsrechtliche Abteilung 15.05.2007 V 06 211"}, {"Sprachen": ["it"], "Text": "Lucerna Verwaltungsgericht Verwaltungsrechtliche Abteilung 15.05.2007 V 06 211"}], "Meta": [{"Sprachen": ["de"], "Text": "Luzern Verwaltungsgericht Verwaltungsrechtliche Abteilung"}, {"Sprachen": ["fr"], "Text": "Lucerne Verwaltungsgericht Verwaltungsrechtliche Abteilung"}, {"Sprachen": ["it"], "Text": "Lucerna Verwaltungsgericht Verwaltungsrechtliche Abteilung"}], "Abstract": [{"Sprachen": ["de", "fr", "it"], "Text": "Die vorzeitige Beendigung des Arbeitsverh\u00e4ltnisses aus Altersgr\u00fcnden richtet sich nach den sachlichen Interessen des Arbeitgebers. Auf die berechtigten Interessen des Mitarbeiters ist R\u00fccksicht zu nehmen. Insbesondere ist die Massnahme bez\u00fcglich der sozialen Vertr\u00e4glichkeit beim Mitarbeitenden zu pr\u00fcfen. | Personalrecht"}], "ScrapyJob": "446973/63/2392", "Zeit UTC": "18.02.2026 03:19:18", "Checksum": "0f28e1033bc2befdaa307e70590c69b5"}