{"Signatur": "LU_VWG_001", "Spider": "LU_Gerichte", "Sprache": "de", "Datum": "2013-04-05", "HTML": {"Datei": "LU_Gerichte/LU_VWG_001_V-12-245_2013-04-05.html", "URL": "https://gerichte.lu.ch/recht_sprechung/lgve/Ajax?EnId=10027", "Checksum": "6193d0af56fcb085995ce066d17c2a2f"}, "Scrapedate": "2023-01-01", "Num": ["V 12 245"], "Kopfzeile": [{"Sprachen": ["de"], "Text": "Luzern Verwaltungsgericht Verwaltungsrechtliche Abteilung 05.04.2013 V 12 245"}, {"Sprachen": ["fr"], "Text": "Lucerne Verwaltungsgericht Verwaltungsrechtliche Abteilung 05.04.2013 V 12 245"}, {"Sprachen": ["it"], "Text": "Lucerna Verwaltungsgericht Verwaltungsrechtliche Abteilung 05.04.2013 V 12 245"}], "Meta": [{"Sprachen": ["de"], "Text": "Luzern Verwaltungsgericht Verwaltungsrechtliche Abteilung"}, {"Sprachen": ["fr"], "Text": "Lucerne Verwaltungsgericht Verwaltungsrechtliche Abteilung"}, {"Sprachen": ["it"], "Text": "Lucerna Verwaltungsgericht Verwaltungsrechtliche Abteilung"}], "Abstract": [{"Sprachen": ["de", "fr", "it"], "Text": "Die Verschiebung des Startzeitpunkts einer Demonstration (u.a.) in der Innenstadt von Luzern an einem Novembersamstag von 14.00 Uhr auf 16.00 Uhr beruht auf einer Abw\u00e4gung diverser Interessen, so namentlich der Veranstalter der Demonstration einerseits sowie der Passanten und Gesch\u00e4ftsinhaber anderseits. Im konkreten Fall ber\u00fchrt die Verschiebung des Beginns der Demonstration auf einen Zeitpunkt nach Ladenschluss die Appellwirkung der Manifestation, entzieht ihr aber nicht die Grundlage, weil selbst nach Ladenschluss viele Passanten die Demonstration wahrnehmen konnten, zumal diese (u.a.) streckenweise auf Strassen der Neustadt, am Bahnhof vorbei und \u00fcber die Seebr\u00fccke f\u00fchrte. | Verschiedenes"}], "ScrapyJob": "446973/63/2423", "Zeit UTC": "21.03.2026 03:03:04", "Checksum": "d70dacaef2b411ae884e176929fcc70b"}