{"Signatur": "LU_VWG_999", "Spider": "LU_Gerichte", "Sprache": "de", "Datum": "2005-03-15", "HTML": {"Datei": "LU_Gerichte/LU_VWG_999_S-04-348_2005-03-15.html", "URL": "https://gerichte.lu.ch/recht_sprechung/lgve/Ajax?EnId=2669", "Checksum": "5c9a3ea48be430d135171b95f8138632"}, "Scrapedate": "2026-02-10", "Num": ["S 04 348", "2005 II Nr. 40"], "Kopfzeile": [{"Sprachen": ["de", "fr", "it"], "Text": "Luzern Verwaltungsgericht sonstige 15.03.2005 S 04 348 (2005 II Nr. 40)"}], "Meta": [{"Sprachen": ["de"], "Text": "Luzern Verwaltungsgericht sonstige"}, {"Sprachen": ["fr"], "Text": "Lucerne  sonstige"}, {"Sprachen": ["it"], "Text": "Lucerna  sonstige"}, {"Sprachen": ["de", "fr", "it"], "Text": "Sozialversicherungsrechtliche Abteilung"}], "Abstract": [{"Sprachen": ["de", "fr", "it"], "Text": "Art. 3 ATSG; Art. 24 und 32 KVG. Die Kosten f\u00fcr eine Narbenkorrektur sind nicht von der obligatorischen Krankenpflegeversicherung zu \u00fcbernehmen, wenn die Operation wie vorliegend rein \u00e4sthetisch motiviert war und nicht der Beseitigung einer sekund\u00e4ren, im Zusammenhang mit der urspr\u00fcnglichen Operation stehenden, gesundheitlichen Beeintr\u00e4chtigung (Depression) stand. | Krankenversicherung"}], "ScrapyJob": "446973/63/2378", "Zeit UTC": "10.02.2026 05:41:50", "Checksum": "cdfec3e1dc7ae426ffc4e4721b2541c3"}