{"Signatur": "SG_KG_001", "Spider": "SG_Gerichte", "Datum": "2017-04-13", "PDF": {"Datei": "SG_Gerichte/SG_KG_001_ST-2015-104_2017-04-13.pdf", "URL": "https://publikationen.sg.ch/rechtsprechung-gerichte?tx_diamjudicalsg_judicalpublicationpdf%5Bcontroller%5D=DownloadPdf&tx_diamjudicalsg_judicalpublicationpdf%5Bpublication%5D=2635&type=1563347022&cHash=7e72150f373a1d12a7c8943e950659af", "Checksum": "aada431bd1ec984f6dff64b8a56d995d"}, "Scrapedate": "2025-07-19", "Num": ["ST.2015.104"], "Kopfzeile": [{"Sprachen": ["de"], "Text": "St.Gallen Kantonsgericht Strafkammer und Anklagekammer 13.04.2017 ST.2015.104"}, {"Sprachen": ["fr"], "Text": "Saint-Gall Kantonsgericht Strafkammer und Anklagekammer 13.04.2017 ST.2015.104"}, {"Sprachen": ["it"], "Text": "San Gallo Kantonsgericht Strafkammer und Anklagekammer 13.04.2017 ST.2015.104"}], "Meta": [{"Sprachen": ["de"], "Text": "St.Gallen Kantonsgericht Strafkammer und Anklagekammer"}, {"Sprachen": ["fr"], "Text": "Saint-Gall Kantonsgericht Strafkammer und Anklagekammer"}, {"Sprachen": ["it"], "Text": "San Gallo Kantonsgericht Strafkammer und Anklagekammer"}], "Abstract": [{"Sprachen": ["de", "fr", "it"], "Text": "Art. 261bis Abs. 1 und 4 StGB (SR 311); Art. 9 Abs. 1, Art. 325 Abs. 1 lit. f., Art. 329 Abs. 1 lit. a und Abs.\u00a02 StPO (SR 312).Tatbestand der Rassendiskriminierung (E.\u00a0III.1). Keine Verletzung des Anklageprinzips, wenn offenkundig lediglich einer von mehreren in der Anklageschrift aufgef\u00fchrten \u00c4usserungen rassendiskriminierenden Charakter beigemessen wird (E.\u00a0III.2.b). Der Kommentar \"mir kommt gleich das kotzen....wann wird diese religion endlich ausgerottet?!?\") zu einem Artikel der Zeitung A. \u00fcber die vor laufender Kamera ausgef\u00fchrte Enthauptung eines amerikanischen Journalisten durch die Terrormiliz \"Islamischer Staat\" auf einem \u00f6ffentlichen \"Facebook\"-Profil ist rassendiskriminierend im Sinne von Art.\u00a0261bis Abs. 1 StGB (E.\u00a0III.2.c). Ein Textbild mit dem Inhalt \"Weisheit der Tages: 'Hast Du Allah in der Birne, ist kein Platz mehr f\u00fcr's Gehirne.' \" auf einem \u00f6ffentlichen \"Facebook\"-Profil ist rassendiskriminierend im Sinne von Art.\u00a0261bis Abs. 4 StGB und nicht durch die Meinungs\u00e4usserungsfreiheit gedeckt (E.\u00a0III.3.b und c). Das Bet\u00e4tigen der \"gef\u00e4llt mir\"-Funktion, mit welchem die Unterst\u00fctzung f\u00fcr einen rassendiskriminierenden Beitrag auf \u00f6ffentlichen \"Facebook\"-Profil kundgetan wird, ist nicht rassendiskriminierend nach Art. 261bis Abs. 1 StGB (E.\u00a0III.4.d) (Kantonsgericht, Strafkammer, 13. April 2017, ST.2015.104)."}], "ScrapyJob": "446973/61/1836", "Zeit UTC": "19.07.2025 05:24:39", "Checksum": "c4557a53f9bb2b7fe78f71df795419bc"}