{"Signatur": "SG_VG_001", "Spider": "SG_Gerichte", "Datum": "2013-11-07", "PDF": {"Datei": "SG_Gerichte/SG_VG_001_B-2013-214_2013-11-07.pdf", "URL": "https://publikationen.sg.ch/rechtsprechung-gerichte?tx_diamjudicalsg_judicalpublicationpdf%5Bcontroller%5D=DownloadPdf&tx_diamjudicalsg_judicalpublicationpdf%5Bpublication%5D=968&type=1563347022&cHash=c81180ef714e50662b9d285e6e892aa4", "Checksum": "eb4f198d5e60c57e90ca200cffccf3d8"}, "Scrapedate": "2025-07-19", "Num": ["B 2013/214"], "Kopfzeile": [{"Sprachen": ["de"], "Text": "St.Gallen Verwaltungsgericht 07.11.2013 B 2013/214"}, {"Sprachen": ["fr"], "Text": "Saint-Gall Verwaltungsgericht 07.11.2013 B 2013/214"}, {"Sprachen": ["it"], "Text": "San Gallo Verwaltungsgericht 07.11.2013 B 2013/214"}], "Meta": [{"Sprachen": ["de"], "Text": "St.Gallen Verwaltungsgericht "}, {"Sprachen": ["fr"], "Text": "Saint-Gall Verwaltungsgericht "}, {"Sprachen": ["it"], "Text": "San Gallo Verwaltungsgericht "}], "Abstract": [{"Sprachen": ["de", "fr", "it"], "Text": "Vorsorgliche Massnahmen, Art.\u00a018 VRP (sGS 951.1).Nachdem der Schulrat und Beschwerdegegner nicht darlegt, inwiefern das Tragen eines Kopftuches den geordneten Schulalltag tats\u00e4chlich st\u00f6rt, \u00fcberwiegt das durch die Glaubens- und Gewissensfreiheit gesch\u00fctzte Interesse der Tochter der Beschwerdef\u00fchrer, das Kopftuch \u2013 trotz entsprechendem Verbot in der Schulordnung \u2013 f\u00fcr die Dauer des Verfahrens in der Schule tragen zu d\u00fcrfen (Verwaltungsgericht, Pr\u00e4sidialentscheid, B\u00a02013/214)."}], "ScrapyJob": "446973/61/1836", "Zeit UTC": "19.07.2025 08:19:33", "Checksum": "e55b42a61eabceecb3af04573f1e9705"}