{"Signatur": "SG_VG_001", "Spider": "SG_Gerichte", "Datum": "2013-08-27", "PDF": {"Datei": "SG_Gerichte/SG_VG_001_B-2013-40_2013-08-27.pdf", "URL": "https://publikationen.sg.ch/rechtsprechung-gerichte?tx_diamjudicalsg_judicalpublicationpdf%5Bcontroller%5D=DownloadPdf&tx_diamjudicalsg_judicalpublicationpdf%5Bpublication%5D=953&type=1563347022&cHash=7dbdeaf4dbf7316ae83af8594ac82dec", "Checksum": "0a7a70c867a5034275d97eed01afb036"}, "Scrapedate": "2025-07-19", "Num": ["B 2013/40"], "Kopfzeile": [{"Sprachen": ["de"], "Text": "St.Gallen Verwaltungsgericht 27.08.2013 B 2013/40"}, {"Sprachen": ["fr"], "Text": "Saint-Gall Verwaltungsgericht 27.08.2013 B 2013/40"}, {"Sprachen": ["it"], "Text": "San Gallo Verwaltungsgericht 27.08.2013 B 2013/40"}], "Meta": [{"Sprachen": ["de"], "Text": "St.Gallen Verwaltungsgericht "}, {"Sprachen": ["fr"], "Text": "Saint-Gall Verwaltungsgericht "}, {"Sprachen": ["it"], "Text": "San Gallo Verwaltungsgericht "}], "Abstract": [{"Sprachen": ["de", "fr", "it"], "Text": "Ausl\u00e4nderrecht, Widerruf der Niederlassungsbewilligung, Art.\u00a063 Abs.\u00a02 AuG.Der Beschwerdef\u00fchrer ist t\u00fcrkischer Staatsangeh\u00f6riger kurdischer Abstammung und reiste 1992 im Alter von zwei Jahren zusammen mit seiner Mutter in die Schweiz ein, wo beide \u2013 wie bereits der 1991 eingereiste Ehemann und Vater \u2013 Asyl erhielten. 1998 verzichtete der Beschwerdef\u00fchrer \u2013 wie seine Mutter und im Jahr 2009 auch der Vater \u2013 auf das Asylrecht. Der Beschwerdef\u00fchrer wurde 2011 zu einer Freiheitsstrafe von 3 \u00bc Jahren verurteilt und im Strafvollzug mehrfach diszipliniert. Der Grad der Integration des Beschwerdef\u00fchrers korrespondiert nicht mit der verh\u00e4ltnism\u00e4ssig langen Aufenthaltsdauer in der Schweiz. Beh\u00f6rdliche Hilfestellungen nutzte der Beschwerdef\u00fchrer \u00fcberhaupt nicht oder unzureichend. Integrationsschwierigkeiten steht der Beschwerdef\u00fchrer, der im Jahr 2000 w\u00e4hrend einiger Monate die Schule in der T\u00fcrkei besuchte, nicht nur in seiner Heimat, sondern auch in der Schweiz gegen\u00fcber (Verwaltungsgericht, B\u00a02013/40)."}], "ScrapyJob": "446973/61/1836", "Zeit UTC": "19.07.2025 08:30:12", "Checksum": "a961e85fedf0f9be83b40cfa20adfdb5"}