{"Signatur": "SG_VG_001", "Spider": "SG_Gerichte", "Datum": "2016-05-25", "PDF": {"Datei": "SG_Gerichte/SG_VG_001_B-2014-107-und-weitere_2016-05-25.pdf", "URL": "https://publikationen.sg.ch/rechtsprechung-gerichte/?type=1563347022&tx_diamjudicalsg_judicalpublicationpdf%5Bpublication%5D=2088&tx_diamjudicalsg_judicalpublicationpdf%5Bcontroller%5D=DownloadPdf&cHash=6c6d7832b0d1beea8a433045c52de8cf", "Checksum": "f516a4659759012c4d276eede9ca5285"}, "Num": ["B 2014/107 und weitere"], "Kopfzeile": [{"Sprachen": ["de"], "Text": "St.Gallen Verwaltungsgericht 25.05.2016 B 2014/107 und weitere"}, {"Sprachen": ["fr"], "Text": "Saint-Gall Verwaltungsgericht 25.05.2016 B 2014/107 und weitere"}, {"Sprachen": ["it"], "Text": "San Gallo Verwaltungsgericht 25.05.2016 B 2014/107 und weitere"}], "Meta": [{"Sprachen": ["de"], "Text": "St.Gallen Verwaltungsgericht "}, {"Sprachen": ["fr"], "Text": "Saint-Gall Verwaltungsgericht "}, {"Sprachen": ["it"], "Text": "San Gallo Verwaltungsgericht "}], "Abstract": [{"Sprachen": ["de", "fr", "it"], "Text": "Planungsrecht, Erlass einer Zone f\u00fcr bestimmte Nutzungsarten, Art. 5 Abs. 1, Art. 26 Abs. 1, Art. 27 Abs.\u00a01, Art. 29 Abs. 2, Art. 36 Abs. 1 und Art. 94 Abs. 1 BV, Art. 2 Abs. 1 zweiter Satzteil, Art. 19 Abs. 2, Art. 21 Abs. 2 und Art.\u00a025a\u00a0RPG, Art. 2 Abs. 3 und Art.\u00a047\u00a0RPV, Art.\u00a028octies, Art. 32 Abs.\u00a01\u00a0und Art. 69bis BauG, Art. 12, Art. 16 Abs. 1, Art. 45 Abs. 1, Art. 56 Abs. 2 und Art. 57 Abs.\u00a01\u00a0VRP.\u00a0Mangels erheblich ver\u00e4nderten Verh\u00e4ltnisse ist die geplante Anpassung des Zonenplans nicht gerechtfertigt (E. 8.1 f.).\u00a0Da die Differenzierung der f\u00fcr das betreffende Gebiet zul\u00e4ssigen Nutzungen im Rahmen des Zonenzwecks nicht beschr\u00e4nkt ist, bildet Art. 28octies BauG eine gen\u00fcgende gesetzliche Grundlage f\u00fcr die geplante ortsplanerische Nutzungsbeschr\u00e4nkung mittels Fahrtenzahlen. Daran \u00e4ndert nichts, dass diese Nutzungsbeschr\u00e4nkung auch dazu dient, den Zonenplan nachtr\u00e4glich auf die Kapazit\u00e4ten des Verkehrsnetzes abzustimmen, und dadurch allf\u00e4llige Aus- oder Abzonungen verhindert werden (E. 13.1 f.), (Verwaltungsgericht, B 2014/107; B 2014/111; B 2014/116; B 2014/117; B\u00a02014/118; B\u00a02014/119; B 2014/120).\u00a0Die gegen dieses Urteil erhobene Beschwerde ans Bundesgericht wurde mit Urteil vom 8.\u00a0Dezember 2016 abgewiesen (Verfahren 1C_372/2016).\u00a0\u00a0Entscheid vom 25. Mai 2016"}], "ScrapyJob": "446973/61/51", "Zeit UTC": "19.02.2021 03:29:17", "Checksum": "12539303e1feda377e0171efa4d7a152"}