{"Signatur": "SG_VG_001", "Spider": "SG_Gerichte", "Datum": "2017-12-06", "PDF": {"Datei": "SG_Gerichte/SG_VG_001_B-2016-257_2017-12-06.pdf", "URL": "https://publikationen.sg.ch/rechtsprechung-gerichte?tx_diamjudicalsg_judicalpublicationpdf%5Bcontroller%5D=DownloadPdf&tx_diamjudicalsg_judicalpublicationpdf%5Bpublication%5D=3636&type=1563347022&cHash=9f292f130ab755d4f102116fe10a0abe", "Checksum": "9f4a18dbb858c5fbd0446964a85ecd72"}, "Scrapedate": "2025-07-19", "Num": ["B 2016/257"], "Kopfzeile": [{"Sprachen": ["de"], "Text": "St.Gallen Verwaltungsgericht 06.12.2017 B 2016/257"}, {"Sprachen": ["fr"], "Text": "Saint-Gall Verwaltungsgericht 06.12.2017 B 2016/257"}, {"Sprachen": ["it"], "Text": "San Gallo Verwaltungsgericht 06.12.2017 B 2016/257"}], "Meta": [{"Sprachen": ["de"], "Text": "St.Gallen Verwaltungsgericht "}, {"Sprachen": ["fr"], "Text": "Saint-Gall Verwaltungsgericht "}, {"Sprachen": ["it"], "Text": "San Gallo Verwaltungsgericht "}], "Abstract": [{"Sprachen": ["de", "fr", "it"], "Text": "Ausl\u00e4nderrecht, Art.\u00a050 Abs.\u00a01 lit.\u00a0a und lit.\u00a0b sowie Art.\u00a096 Abs.\u00a01 AuGDer Beschwerdef\u00fchrer ist trotz Sprachkenntnissen nicht erfolgreich integriert. Mit seinen strafbaren Handlungen nach der ausl\u00e4nderrechtlichen Verwarnung und sogar bei laufendem ausl\u00e4nderrechtlichen Verfahren macht er deutlich, dass er nicht gewillt oder nicht f\u00e4hig ist, sich in die hiesige Rechtsordnung einzuf\u00fcgen. Die wirtschaftliche Integration scheiterte immer wieder und nachweislich nicht an einer Lebenskrise infolge des Tods des Vaters. Eine besondere soziale Integration ist weder behauptet noch belegt. Aus den Umst\u00e4nden ist zu schliessen, dass zwischen dem Beschwerdef\u00fchrer und seinen Kindern keine derart enge Beziehung besteht, die seinen weiteren Aufenthalt in der Schweiz erforderlich machen w\u00fcrde. Die Ausreise ist dem Beschwerdef\u00fchrer, der die pr\u00e4genden Kinder- und Jugendjahre in der Heimat verbrachte, zuzumuten. Der wachsende Schuldenberg mag diese weitreichende Folge zu rechtfertigen (Verwaltungsgericht, B\u00a02016/257).Die gegen dieses Urteil erhobene Beschwerde ans Bundesgericht wurde mit Urteil vom 14.\u00a0November 2018 abgewiesen (Verfahren 2C_81/2018)."}], "ScrapyJob": "446973/61/1836", "Zeit UTC": "19.07.2025 04:43:06", "Checksum": "9f832e4909a0cf5d68bc274c468e34c2"}