{"Signatur": "SG_VG_001", "Spider": "SG_Gerichte", "Datum": "2023-03-23", "PDF": {"Datei": "SG_Gerichte/SG_VG_001_B-2023-24_2023-03-23.pdf", "URL": "https://publikationen.sg.ch/rechtsprechung-gerichte?tx_diamjudicalsg_judicalpublicationpdf%5Bcontroller%5D=DownloadPdf&tx_diamjudicalsg_judicalpublicationpdf%5Bpublication%5D=11605&type=1563347022&cHash=25680b2995e1717c97f5f260b6e56e1c", "Checksum": "46b8c2935de9119a04466f42b818d193"}, "Scrapedate": "2025-07-18", "Num": ["B 2023/24"], "Kopfzeile": [{"Sprachen": ["de"], "Text": "St.Gallen Verwaltungsgericht 23.03.2023 B 2023/24"}, {"Sprachen": ["fr"], "Text": "Saint-Gall Verwaltungsgericht 23.03.2023 B 2023/24"}, {"Sprachen": ["it"], "Text": "San Gallo Verwaltungsgericht 23.03.2023 B 2023/24"}], "Meta": [{"Sprachen": ["de"], "Text": "St.Gallen Verwaltungsgericht "}, {"Sprachen": ["fr"], "Text": "Saint-Gall Verwaltungsgericht "}, {"Sprachen": ["it"], "Text": "San Gallo Verwaltungsgericht "}], "Abstract": [{"Sprachen": ["de", "fr", "it"], "Text": "Schulrecht, Sonderp\u00e4dagogische Massnahmen, Art. 34 ff. VSG. Das Einschulungsjahr stellt keine Sonderbeschulung, sondern eine sonderp\u00e4dagogische Massnahme im Rahmen der Regelschule dar. Es hat zum Ziel, jenen Kindern, die den Lernanforderungen in der 1.\u00a0Regelklasse noch nicht gewachsen sind, individuelle Lernfortschritte zu erm\u00f6glichen, um im n\u00e4chsten Jahr gest\u00e4rkt in die 1.\u00a0Regelklasse \u00fcberzutreten. Wenn unterrichtsbegleitende Massnahmen (DaZ, ISF, pers\u00f6nliche Klassenassistenz) seit Kindergartenbeginn nicht ausreichen, um dem besonderen Bildungsbedarf des Kindes gerecht zu werden, und dieses dem Unterricht nicht hinreichend zu folgen vermag, erweist sich die Zuweisung ins Einschulungsjahr als die geeignete Beschulungsform und damit als recht- und verh\u00e4ltnism\u00e4ssig, um ihm eine m\u00f6glichst gute Ausgangslage f\u00fcr einen erfolgreichen Einstieg in die Schullaufbahn zu erm\u00f6glichen. Dass mit der Zuteilung in die Einschulungsklasse ein l\u00e4ngerer Schulweg und ein neues Umfeld verbunden sind, f\u00fchrt angesichts der sachlichen Notwendigkeit im wohlverstandenen Interesse des Kindes nicht zum Verzicht auf die Massnahme (Verwaltungsgericht, B\u00a02023/24)."}], "ScrapyJob": "446973/61/1836", "Zeit UTC": "18.07.2025 23:05:37", "Checksum": "4f70681ce667693d07040a890dae7ef8"}