{"Signatur": "SG_VG_001", "Spider": "SG_Gerichte", "Datum": "2024-04-19", "PDF": {"Datei": "SG_Gerichte/SG_VG_001_B-2023-256_2024-04-19.pdf", "URL": "https://publikationen.sg.ch/rechtsprechung-gerichte?tx_diamjudicalsg_judicalpublicationpdf%5Bcontroller%5D=DownloadPdf&tx_diamjudicalsg_judicalpublicationpdf%5Bpublication%5D=12645&type=1563347022&cHash=7ff3ffb673473c82c98287b50dd879b7", "Checksum": "e89089910008c9ef5da7150712926e3a"}, "Scrapedate": "2026-04-26", "Num": ["B 2023/256"], "Kopfzeile": [{"Sprachen": ["de"], "Text": "St.Gallen Verwaltungsgericht 19.04.2024 B 2023/256"}, {"Sprachen": ["fr"], "Text": "Saint-Gall Verwaltungsgericht 19.04.2024 B 2023/256"}, {"Sprachen": ["it"], "Text": "San Gallo Verwaltungsgericht 19.04.2024 B 2023/256"}], "Meta": [{"Sprachen": ["de"], "Text": "St.Gallen Verwaltungsgericht "}, {"Sprachen": ["fr"], "Text": "Saint-Gall Verwaltungsgericht "}, {"Sprachen": ["it"], "Text": "San Gallo Verwaltungsgericht "}], "Abstract": [{"Sprachen": ["de", "fr", "it"], "Text": "Anwaltsrecht, Art. 27 ff. BGFA\r\nDer Beschwerdef\u00fchrer ist \u00f6sterreichischer Rechtsanwalt. Er betreibt eine Kanzlei in \u00d6s-terreich und ist zudem im F\u00fcrstentum Liechtenstein als niedergelassener Anwalt t\u00e4tig. Zurzeit erwirtschaftet er 90 Prozent seiner Ums\u00e4tze im F\u00fcrstentum Liechtenstein. Im Kanton St. Gallen verf\u00fcgt er \u00fcber eine Postadresse und Kanzleir\u00e4umlichkeiten. In der Schweiz verf\u00fcgt er \u00fcber eine Aufenthaltsbewilligung ohne Erwerbst\u00e4tigkeit. Er darf auch ohne die von ihm beantragte Eintragung in der st. gallischen Liste der EU-/EFTA-Anw\u00e4lte im Rahmen des f\u00fcr die Schweiz verbindlichen europ\u00e4ischen Rechts auf freien Dienstleis-tungsverkehr unter der urspr\u00fcnglichen Berufsbezeichnung \u2013 mithin als \u00f6sterreichischer Rechtsanwalt \u2013 in der Schweiz rechtsberatend und als Vertreter vor schweizerischen Gerichten t\u00e4tig sein. Dass seine bisherige berufliche T\u00e4tigkeit in der Schweiz einen Um-fang erreicht, der \u00fcber das im freien Dienstleistungsverkehr zul\u00e4ssige Mass hinausginge, oder dass er k\u00fcnftig \u2013 unter Einschr\u00e4nkung seiner T\u00e4tigkeiten an den Standorten in \u00d6s-terreich und im F\u00fcrstentum Liechtenstein \u2013 st\u00e4ndig in der Schweiz t\u00e4tig sein werde, geht aus seinen Eingaben nicht substantiiert hervor. (Verwaltungsgericht, B 2023/256)\r\n\r\nDie gegen dieses Urteil erhobene Beschwerde ans Bundesgericht wurde mit Urteil vom 26. Februar 2025 gutgeheissen (Verfahren 2C_271/2024)"}], "ScrapyJob": "446973/61/2119", "Zeit UTC": "26.04.2026 04:39:00", "Checksum": "37f9749e8ec31bc3989d9511cddae822"}